{"id":5704,"date":"2026-09-05T20:18:06","date_gmt":"2026-09-05T18:18:06","guid":{"rendered":"https:\/\/gyorietouni.hu\/?p=5704"},"modified":"2026-09-05T20:18:06","modified_gmt":"2026-09-05T18:18:06","slug":"nagyot-hajraztunk-szegeden","status":"publish","type":"post","link":"https:\/\/gyorietouni.hu\/hu\/2026\/09\/05\/nagyot-hajraztunk-szegeden\/","title":{"rendered":"Nagyot hajr\u00e1ztunk Szegeden"},"content":{"rendered":"\n<p class=\"wp-block-paragraph\"><\/p>\n\n\n\n<p class=\"wp-block-paragraph\"><strong>A K&amp;H f\u00e9rfi k\u00e9zilabda liga 1. fordul\u00f3j\u00e1ban az OTP Bank-Pick Szeged otthon\u00e1ban l\u00e9pett p\u00e1ly\u00e1ra az ETO University Handball Team. A hazai egy\u00fcttes az els\u0151 f\u00e9lid\u0151ben fokozatosan \u00e9p\u00edtette fel el\u0151ny\u00e9t, \u00e9s h\u00e9tg\u00f3los vezet\u00e9ssel vonulhatott sz\u00fcnetre. Csapatunk a m\u00e1sodik j\u00e1t\u00e9kr\u00e9sz hajr\u00e1j\u00e1ban n\u00e9gy tal\u00e1latra is felz\u00e1rk\u00f3zott, v\u00e9g\u00fcl azonban 32\u201327-es szegedi gy\u0151zelemmel z\u00e1rult az \u00f6sszecsap\u00e1s.<\/strong><\/p>\n\n\n\n<p class=\"wp-block-paragraph\">Kopornyik Zsolt vezet\u0151edz\u0151 a kapuban P\u00e1sztor Imr\u00e9nek szavazott bizalmat, m\u00edg v\u00e9dekez\u00e9sben az Enomoto, Dely, Ku\u0161an, Bogn\u00e1r, Gy\u0151ri M\u00e1ty\u00e1s, H\u00e1ri hatos kezdte a tal\u00e1lkoz\u00f3t.<\/p>\n\n\n\n<p class=\"wp-block-paragraph\">Hazai tal\u00e1lattal indult a m\u00e9rk\u0151z\u00e9s, csapatunk els\u0151 t\u00e1mad\u00e1s\u00e1b\u00f3l viszont nem siker\u00fclt g\u00f3lt szerezni. A m\u00e1sodik percben h\u00e9tm\u00e9tereshez jutott a Szeged, P\u00e1sztor Imre azonban h\u00e1r\u00edtani tudta a b\u00fcntet\u0151t. Az ETO els\u0151 tal\u00e1lat\u00e1t Gy\u0151ri M\u00e1ty\u00e1s szerezte.<\/p>\n\n\n\n<p class=\"wp-block-paragraph\">A folytat\u00e1sban a hazaiak tudt\u00e1k hat\u00e9konyabban kihaszn\u00e1lni lehet\u0151s\u00e9geiket, \u00e9s a 10. percre 7\u20133-as el\u0151nyt alak\u00edtottak ki. Negyed\u00f3ra eltelt\u00e9vel tov\u00e1bbra is n\u00e9gy tal\u00e1lat v\u00e1lasztotta el a k\u00e9t egy\u00fcttest, csapatunk azonban nem tudott k\u00f6zelebb f\u00e9rk\u0151zni ellenfel\u00e9hez.<\/p>\n\n\n\n<p class=\"wp-block-paragraph\">Az els\u0151 f\u00e9lid\u0151 utols\u00f3 t\u00edz perc\u00e9re fordulva 12\u20137-es szegedi vezet\u00e9st mutatott az eredm\u00e9nyjelz\u0151. A j\u00e1t\u00e9kr\u00e9sz hajr\u00e1j\u00e1ban tov\u00e1bb n\u00f6velte el\u0151ny\u00e9t a hazai egy\u00fcttes, \u00edgy 20\u201313-as \u00e1ll\u00e1ssal vonultak sz\u00fcnetre a csapatok.<\/p>\n\n\n\n<p class=\"wp-block-paragraph\">A m\u00e1sodik harminc percre Gy\u0151ri Krist\u00f3f \u00e9rkezett az ETO kapuj\u00e1ba. Csapatunk igyekezett cs\u00f6kkenteni h\u00e1tr\u00e1ny\u00e1t, a Szeged azonban tartani tudta a kor\u00e1bban kialak\u00edtott k\u00fcl\u00f6nbs\u00e9get. A 43. percben 25\u201317-es hazai vezet\u00e9sn\u00e9l Kopornyik Zsolt id\u0151t k\u00e9rt.<\/p>\n\n\n\n<p class=\"wp-block-paragraph\">A hajr\u00e1hoz k\u00f6zeledve 27\u201320-as \u00e1ll\u00e1ssal fordultak a csapatok, az ETO azonban nem engedte el a m\u00e9rk\u0151z\u00e9st. Egy\u00fcttes\u00fcnk az utols\u00f3 percekben fokozatosan dolgozott le h\u00e1tr\u00e1ny\u00e1b\u00f3l, \u00e9s n\u00e9gy perccel a tal\u00e1lkoz\u00f3 v\u00e9ge el\u0151tt m\u00e1r csak n\u00e9gy g\u00f3l volt a k\u00fcl\u00f6nbs\u00e9g (29\u201325).<\/p>\n\n\n\n<p class=\"wp-block-paragraph\">A v\u00e9gj\u00e1t\u00e9kben a Szeged meg\u0151rizte el\u0151ny\u00e9t, \u00edgy v\u00e9g\u00fcl 32\u201327-es hazai gy\u0151zelem sz\u00fcletett. Csapatunk k\u00e9t neh\u00e9z idegenbeli m\u00e9rk\u0151z\u00e9ssel kezdte a bajnoki szerepl\u00e9st, a folytat\u00e1sban pedig m\u00e1r hazai p\u00e1ly\u00e1n v\u00e1r \u00fajabb feladat az ETO-ra.<\/p>\n\n\n\n<p class=\"wp-block-paragraph\">Kopornyik Zsolt: <em>\u201eAzt gondolom, hogy az els\u0151 f\u00e9lid\u0151ben nem tal\u00e1ltuk azt a ritmust, amit az elm\u00falt id\u0151szakban j\u00e1tszottunk, illetve amit szerett\u00fcnk volna j\u00e1tszani. Nyilv\u00e1n ebben a Szegednek is nagy szerepe volt. T\u00e1mad\u00e1sban elk\u00f6vett\u00fcnk technikai hib\u00e1kat, emellett t\u00f6bb tiszta g\u00f3lhelyzetet is kihagytunk, aminek k\u00f6vetkezt\u00e9ben ellenfel\u00fcnk el tudott l\u00e9pni t\u0151l\u00fcnk. V\u00e9dekez\u00e9sben ugyanakkor azt gondolom, hogy a m\u00e9rk\u0151z\u00e9s eg\u00e9sz\u00e9t tekintve voltak j\u00f3, s\u0151t kifejezetten j\u00f3 peri\u00f3dusaink fel\u00e1llt fal ellen. Ennek k\u00f6sz\u00f6nhet\u0151en a kapusaink is hat\u00e9konyabban tudtak teljes\u00edteni. Azokban az id\u0151szakokban viszont, amikor rendezetlenn\u00e9 v\u00e1lt a j\u00e1t\u00e9kunk, a Szeged ezt kihaszn\u00e1lta \u00e9s n\u00f6velni tudta a k\u00fcl\u00f6nbs\u00e9get. A m\u00e1sodik f\u00e9lid\u0151ben v\u00e9gig hajtottunk, \u00e9s ennek k\u00f6sz\u00f6nhet\u0151en vissza tudtunk j\u00f6nni a m\u00e9rk\u0151z\u00e9sbe. Az utols\u00f3 15 percben megmutattuk, hogy nem adjuk fel, \u00e9s jelent\u0151sen cs\u00f6kkenteni tudtuk a h\u00e1tr\u00e1nyunkat. Egy\u00e9rtelm\u0171, hogy a Szeged nagyon er\u0151s csapat, ugyanakkor \u00fagy \u00e9rzem, mi sem vallottunk sz\u00e9gyent. L\u00e1tjuk, miben kell javulnunk, ezeken dolgozni fogunk, hiszen a k\u00f6vetkez\u0151 m\u00e9rk\u0151z\u00e9s\u00fcnk\u00f6n mindenk\u00e9ppen szeretn\u00e9nk pontokat szerezni.\u201d<\/em><\/p>\n\n\n\n<p class=\"wp-block-paragraph\">F\u00fczi D\u00e1niel: <em>\u201eEl\u0151sz\u00f6r is szeretn\u00e9k gratul\u00e1lni a Szegednek a gy\u0151zelemhez. Mindig j\u00f3 \u00e9rz\u00e9s Szegeden j\u00e1tszani, f\u0151leg ilyen kiv\u00e1l\u00f3 sportemberek ellen.A m\u00e9rk\u0151z\u00e9sr\u0151l azt gondolom, hogy az eredm\u00e9ny nagyj\u00e1b\u00f3l megmutatja, mi t\u00f6rt\u00e9nt a hatvan perc sor\u00e1n. Sz\u00e1munkra igaz\u00e1b\u00f3l a k\u00f6vetkez\u0151 tal\u00e1lkoz\u00f3val kezd\u0151dik a bajnoks\u00e1g \u00e9rdemi r\u00e9sze. Innent\u0151l fel van adva a lecke, most m\u00e1r \u00e9lesben kell megmutatnunk, mire vagyunk k\u00e9pesek.\u201d<\/em><\/p>\n","protected":false},"excerpt":{"rendered":"<p>A K&amp;H f\u00e9rfi k\u00e9zilabda liga 1. fordul\u00f3j\u00e1ban az OTP Bank-Pick Szeged otthon\u00e1ban l\u00e9pett p\u00e1ly\u00e1ra az ETO University Handball Team. A hazai egy\u00fcttes az els\u0151 f\u00e9lid\u0151ben fokozatosan \u00e9p\u00edtette fel el\u0151ny\u00e9t, \u00e9s h\u00e9tg\u00f3los vezet\u00e9ssel vonulhatott sz\u00fcnetre. Csapatunk a m\u00e1sodik j\u00e1t\u00e9kr\u00e9sz hajr\u00e1j\u00e1ban n\u00e9gy tal\u00e1latra is felz\u00e1rk\u00f3zott, v\u00e9g\u00fcl azonban 32\u201327-es szegedi gy\u0151zelemmel z\u00e1rult az \u00f6sszecsap\u00e1s. Kopornyik Zsolt vezet\u0151edz\u0151 a [&hellip;]<\/p>\n","protected":false},"author":7,"featured_media":5705,"comment_status":"closed","ping_status":"open","sticky":false,"template":"","format":"standard","meta":{"ngg_post_thumbnail":0,"footnotes":""},"categories":[1],"tags":[],"class_list":["post-5704","post","type-post","status-publish","format-standard","has-post-thumbnail","hentry","category-egyeb"],"_links":{"self":[{"href":"https:\/\/gyorietouni.hu\/hu\/wp-json\/wp\/v2\/posts\/5704","targetHints":{"allow":["GET"]}}],"collection":[{"href":"https:\/\/gyorietouni.hu\/hu\/wp-json\/wp\/v2\/posts"}],"about":[{"href":"https:\/\/gyorietouni.hu\/hu\/wp-json\/wp\/v2\/types\/post"}],"author":[{"embeddable":true,"href":"https:\/\/gyorietouni.hu\/hu\/wp-json\/wp\/v2\/users\/7"}],"replies":[{"embeddable":true,"href":"https:\/\/gyorietouni.hu\/hu\/wp-json\/wp\/v2\/comments?post=5704"}],"version-history":[{"count":1,"href":"https:\/\/gyorietouni.hu\/hu\/wp-json\/wp\/v2\/posts\/5704\/revisions"}],"predecessor-version":[{"id":5706,"href":"https:\/\/gyorietouni.hu\/hu\/wp-json\/wp\/v2\/posts\/5704\/revisions\/5706"}],"wp:featuredmedia":[{"embeddable":true,"href":"https:\/\/gyorietouni.hu\/hu\/wp-json\/wp\/v2\/media\/5705"}],"wp:attachment":[{"href":"https:\/\/gyorietouni.hu\/hu\/wp-json\/wp\/v2\/media?parent=5704"}],"wp:term":[{"taxonomy":"category","embeddable":true,"href":"https:\/\/gyorietouni.hu\/hu\/wp-json\/wp\/v2\/categories?post=5704"},{"taxonomy":"post_tag","embeddable":true,"href":"https:\/\/gyorietouni.hu\/hu\/wp-json\/wp\/v2\/tags?post=5704"}],"curies":[{"name":"wp","href":"https:\/\/api.w.org\/{rel}","templated":true}]}}