{"id":5696,"date":"2026-09-02T20:39:48","date_gmt":"2026-09-02T18:39:48","guid":{"rendered":"https:\/\/gyorietouni.hu\/?p=5696"},"modified":"2026-09-02T20:39:48","modified_gmt":"2026-09-02T18:39:48","slug":"jol-tartottuk-magunkat-a-hajraban-dontott-a-veszprem","status":"publish","type":"post","link":"https:\/\/gyorietouni.hu\/hu\/2026\/09\/02\/jol-tartottuk-magunkat-a-hajraban-dontott-a-veszprem\/","title":{"rendered":"J\u00f3l tartottuk magunkat, a hajr\u00e1ban d\u00f6nt\u00f6tt a Veszpr\u00e9m"},"content":{"rendered":"\n<p class=\"wp-block-paragraph\"><strong>A K&amp;H f\u00e9rfi k\u00e9zilabda liga 4. fordul\u00f3j\u00e1b\u00f3l el\u0151rehozott m\u00e9rk\u0151z\u00e9sen a One Veszpr\u00e9m otthon\u00e1ban kezdte meg 2026\/2027-es bajnoki szerepl\u00e9s\u00e9t az ETO University Handball Team. Csapatunk az els\u0151 f\u00e9lid\u0151ben v\u00e9gig tartotta a l\u00e9p\u00e9st a rekordbajnokkal, a sz\u00fcnetre 20\u201317-es hazai vezet\u00e9ssel vonultak a felek. A m\u00e1sodik j\u00e1t\u00e9kr\u00e9szben fokozatosan n\u00f6velte el\u0151ny\u00e9t a Veszpr\u00e9m, majd a hajr\u00e1ban alakult ki a legnagyobb k\u00fcl\u00f6nbs\u00e9g, \u00edgy v\u00e9g\u00fcl 35\u201325-\u00f6s hazai gy\u0151zelemmel z\u00e1rult a tal\u00e1lkoz\u00f3.<\/strong><\/p>\n\n\n\n<p class=\"wp-block-paragraph\"><br>Az \u00f6sszecsap\u00e1son nem l\u00e9phetett p\u00e1ly\u00e1ra Eklemovic M\u00e1rk\u00f3, aki a h\u00e9ten edz\u00e9sen szenvedett s\u00e9r\u00fcl\u00e9st.<br>Kopornyik Zsolt vezet\u0151edz\u0151 a kapuban P\u00e1sztor Imr\u00e9nek szavazott bizalmat, m\u00edg a mez\u0151nyben a H\u00e1ri Levente, Dely M\u00e1t\u00e9, Bogn\u00e1r Alex, Gy\u0151ri M\u00e1ty\u00e1s, Tomislav Ku\u0161an, Yuga Enomoto hatossal kezdett.<br>A kezd\u0151 s\u00edpsz\u00f3t k\u00f6vet\u0151en a Veszpr\u00e9m ind\u00edtotta \u00fatj\u00e1ra a labd\u00e1t csapatunk szezonbeli els\u0151 bajnoki m\u00e9rk\u0151z\u00e9s\u00e9n, az els\u0151 hazai t\u00e1mad\u00e1s azonban P\u00e1sztor Imre v\u00e9d\u00e9s\u00e9vel z\u00e1rult. Az ETO els\u0151 tal\u00e1lat\u00e1t Gy\u0151ri M\u00e1ty\u00e1s szerezte, amelyre gyorsan \u00e9rkezett a veszpr\u00e9mi v\u00e1lasz.<br>A m\u00e9rk\u0151z\u00e9s elej\u00e9n fej fej mellett haladtak a csapatok, a 10. percre fordulva 7\u20135-\u00f6s hazai el\u0151nyt mutatott az eredm\u00e9nyjelz\u0151. Gy\u0151ri M\u00e1ty\u00e1s remek\u00fcl kezdte a tal\u00e1lkoz\u00f3t, \u00e9s folyamatosan sz\u00e1ll\u00edtotta a gy\u0151ri g\u00f3lokat: a 19. percben m\u00e1r h\u00e9t tal\u00e1latn\u00e1l j\u00e1rt.<br>Az ETO tov\u00e1bbra sem engedte ell\u00e9pni ellenfel\u00e9t, nyolc perccel a f\u00e9lid\u0151 v\u00e9ge el\u0151tt mind\u00f6ssze k\u00e9t g\u00f3l v\u00e1lasztotta el a csapatokat (15\u201313). Az els\u0151 j\u00e1t\u00e9kr\u00e9sz hajr\u00e1j\u00e1ban m\u00e9g egy tal\u00e1lattal n\u00f6velni tudta el\u0151ny\u00e9t a Veszpr\u00e9m, \u00edgy 20\u201317-es hazai vezet\u00e9ssel vonultak sz\u00fcnetre az egy\u00fcttesek.<br>A fordul\u00e1s ut\u00e1n Gy\u0151ri M\u00e1ty\u00e1s ott folytatta, ahol az els\u0151 f\u00e9lid\u0151ben abbahagyta: az \u0151 tal\u00e1lat\u00e1val indult a m\u00e1sodik harminc perc, amellyel ism\u00e9t k\u00e9t g\u00f3lra z\u00e1rk\u00f3zott az ETO (20\u201318).<br>Ezt k\u00f6vet\u0151en azonban magasabb fokozatba kapcsolt a hazai egy\u00fcttes. A Veszpr\u00e9m sorozatban n\u00e9gy g\u00f3lt szerzett, 24\u201318-n\u00e1l pedig Kopornyik Zsolt kik\u00e9rte m\u00e1sodik idej\u00e9t. A j\u00e1t\u00e9kr\u00e9sz k\u00f6zep\u00e9re tov\u00e1bb n\u0151tt a k\u00fcl\u00f6nbs\u00e9g, a 45. percben m\u00e1r nyolc tal\u00e1lattal, 28\u201320-ra vezetett a bakonyi alakulat.<br>A hajr\u00e1hoz 30\u201323-as \u00e1ll\u00e1ssal \u00e9rkeztek a csapatok. Az ETO igyekezett cs\u00f6kkenteni h\u00e1tr\u00e1ny\u00e1t, az utols\u00f3 percekben azonban tov\u00e1bb tudta n\u00f6velni el\u0151ny\u00e9t a rekordbajnok. A tal\u00e1lkoz\u00f3 legnagyobb k\u00fcl\u00f6nbs\u00e9ge \u00edgy a v\u00e9g\u00e9re alakult ki, a One Veszpr\u00e9m v\u00e9g\u00fcl 35\u201325-\u00f6s gy\u0151zelmet aratott.<br>Csapatunk sz\u00e1m\u00e1ra szombaton folytat\u00f3dik a bajnoks\u00e1g, amikor az OTP Bank-Pick Szeged otthon\u00e1ban l\u00e9p p\u00e1ly\u00e1ra.<\/p>\n\n\n\n<p class=\"wp-block-paragraph\"><br>Kopornyik Zsolt: \u201e<em>Szeretn\u00e9k gratul\u00e1lni a Veszpr\u00e9mnek, \u00e9s sok sikert k\u00edv\u00e1nok a folytat\u00e1sra. Benne vagyunk egy neh\u00e9z sorozatban, amelynek ez az els\u0151 \u00e1llom\u00e1sa. A mi szempontunkb\u00f3l tal\u00e1lkoz\u00f3nak tal\u00e1n h\u00e1rom szakasza volt. Az els\u0151 szakaszban nagyr\u00e9szben megtudtuk val\u00f3s\u00edtani, amit elk\u00e9pzelt\u00fcnk. A m\u00e1sodikban tal\u00e1n kicsit akadozott a j\u00e1t\u00e9kunk, a harmadik peri\u00f3dusban viszont ki tudtunk alak\u00edtani helyzeteket, de sok hib\u00e1t v\u00e9tett\u00fcnk. a k\u00e9t f\u00e9lid\u0151 k\u00f6z\u00f6tt l\u00e1that\u00f3 k\u00fcl\u00f6nbs\u00e9g volt. Viszont a csapat v\u00e9gig k\u00fczd\u00f6tt \u00e9s harcolt, amit mi szeretn\u00e9nk. A j\u00f6v\u0151ben a fejl\u0151d\u00e9sre koncentr\u00e1lunk.\u201d<\/em><\/p>\n\n\n\n<p class=\"wp-block-paragraph\"><br>Gy\u0151ri M\u00e1ty\u00e1s: <em>\u201eEgyet\u00e9rtek az el\u0151ttem sz\u00f3l\u00f3 edz\u0151kkel. Gratul\u00e1lok a Veszpr\u00e9mnek. \u00d6r\u00fcl\u00f6k, hogy amit eltervezt\u00fcnk, azt siker\u00fclt megval\u00f3s\u00edtani. Mindenki k\u00fczd\u00f6tt, ami az eddigifelk\u00e9sz\u00fcl\u00e9si meccseinken is jellemz\u0151 volt r\u00e1nk. Viszont most azt \u00e9reztem, hogy felszabadultabban csin\u00e1ljuk a dolgunkat v\u00e9delemben \u00e9s t\u00e1mad\u00e1sban is. Azt gondolom, hogy emiatt tudtuk az els\u0151 f\u00e9lid\u0151t szorosabb\u00e1 tenni. Nincs meg\u00e1ll\u00e1s, hiszen szombaton \u00fajabb bajnoki v\u00e1r r\u00e1nk.\u201d<\/em><\/p>\n","protected":false},"excerpt":{"rendered":"<p>A K&amp;H f\u00e9rfi k\u00e9zilabda liga 4. fordul\u00f3j\u00e1b\u00f3l el\u0151rehozott m\u00e9rk\u0151z\u00e9sen a One Veszpr\u00e9m otthon\u00e1ban kezdte meg 2026\/2027-es bajnoki szerepl\u00e9s\u00e9t az ETO University Handball Team. Csapatunk az els\u0151 f\u00e9lid\u0151ben v\u00e9gig tartotta a l\u00e9p\u00e9st a rekordbajnokkal, a sz\u00fcnetre 20\u201317-es hazai vezet\u00e9ssel vonultak a felek. A m\u00e1sodik j\u00e1t\u00e9kr\u00e9szben fokozatosan n\u00f6velte el\u0151ny\u00e9t a Veszpr\u00e9m, majd a hajr\u00e1ban alakult ki a [&hellip;]<\/p>\n","protected":false},"author":7,"featured_media":5697,"comment_status":"closed","ping_status":"open","sticky":false,"template":"","format":"standard","meta":{"ngg_post_thumbnail":0,"footnotes":""},"categories":[1],"tags":[],"class_list":["post-5696","post","type-post","status-publish","format-standard","has-post-thumbnail","hentry","category-egyeb"],"_links":{"self":[{"href":"https:\/\/gyorietouni.hu\/hu\/wp-json\/wp\/v2\/posts\/5696","targetHints":{"allow":["GET"]}}],"collection":[{"href":"https:\/\/gyorietouni.hu\/hu\/wp-json\/wp\/v2\/posts"}],"about":[{"href":"https:\/\/gyorietouni.hu\/hu\/wp-json\/wp\/v2\/types\/post"}],"author":[{"embeddable":true,"href":"https:\/\/gyorietouni.hu\/hu\/wp-json\/wp\/v2\/users\/7"}],"replies":[{"embeddable":true,"href":"https:\/\/gyorietouni.hu\/hu\/wp-json\/wp\/v2\/comments?post=5696"}],"version-history":[{"count":1,"href":"https:\/\/gyorietouni.hu\/hu\/wp-json\/wp\/v2\/posts\/5696\/revisions"}],"predecessor-version":[{"id":5698,"href":"https:\/\/gyorietouni.hu\/hu\/wp-json\/wp\/v2\/posts\/5696\/revisions\/5698"}],"wp:featuredmedia":[{"embeddable":true,"href":"https:\/\/gyorietouni.hu\/hu\/wp-json\/wp\/v2\/media\/5697"}],"wp:attachment":[{"href":"https:\/\/gyorietouni.hu\/hu\/wp-json\/wp\/v2\/media?parent=5696"}],"wp:term":[{"taxonomy":"category","embeddable":true,"href":"https:\/\/gyorietouni.hu\/hu\/wp-json\/wp\/v2\/categories?post=5696"},{"taxonomy":"post_tag","embeddable":true,"href":"https:\/\/gyorietouni.hu\/hu\/wp-json\/wp\/v2\/tags?post=5696"}],"curies":[{"name":"wp","href":"https:\/\/api.w.org\/{rel}","templated":true}]}}