{"id":5484,"date":"2026-04-30T17:00:00","date_gmt":"2026-04-30T15:00:00","guid":{"rendered":"https:\/\/gyorietouni.hu\/?p=5484"},"modified":"2026-04-30T12:22:01","modified_gmt":"2026-04-30T10:22:01","slug":"radojica-cepic-az-eto-hoz-igazol","status":"publish","type":"post","link":"https:\/\/gyorietouni.hu\/hu\/2026\/04\/30\/radojica-cepic-az-eto-hoz-igazol\/","title":{"rendered":"Radojica Cepic az ETO-hoz igazol"},"content":{"rendered":"\n<p><\/p>\n\n\n\n<p>Az ETO University Handball Team egy tehets\u00e9ges, komoly fejl\u0151d\u00e9si potenci\u00e1llal rendelkez\u0151 fiatal j\u00e1t\u00e9kossal er\u0151s\u00edti meg keret\u00e9t: Radojica Cepic a sv\u00e1jci bajnoks\u00e1gb\u00f3l igazol a magyar \u00e9lvonalba.<\/p>\n\n\n\n<p>A mind\u00f6ssze 23 \u00e9ves, jobbkezes l\u00f6v\u0151 fiatal kora ellen\u00e9re m\u00e1r jelent\u0151s nemzetk\u00f6zi tapasztalattal rendelkezik. P\u00e1lyafut\u00e1sa sor\u00e1n nyert szlov\u00e9n bajnoks\u00e1got \u00e9s sv\u00e1jci kup\u00e1t is, emellett Montenegr\u00f3 v\u00e1logatottj\u00e1nak sz\u00edneiben Eur\u00f3pa-bajnoks\u00e1gon \u00e9s vil\u00e1gbajnoks\u00e1gon is szerepelt.<\/p>\n\n\n\n<p>\u201eOlyan fiatal, tehets\u00e9ges j\u00e1t\u00e9kost kerest\u00fcnk erre a posztra, aki m\u00e1r nemzetk\u00f6zi rutinnal is rendelkezik. Radojica Cepic szem\u00e9ly\u00e9ben egy olyan k\u00e9zilabd\u00e1z\u00f3val k\u00f6t\u00fcnk szerz\u0151d\u00e9st, akiben komoly fejl\u0151d\u00e9si lehet\u0151s\u00e9g van. B\u00edzom benne, hogy Gy\u0151rben tov\u00e1bb tud fejl\u0151dni, \u00e9s teljes\u00edtm\u00e9ny\u00e9vel a csapat egyik meghat\u00e1roz\u00f3 j\u00e1t\u00e9kosa lesz\u201d \u2013 mondta Uhlig Rita \u00fcgyvezet\u0151.<\/p>\n\n\n\n<p>\u201eA magyar bajnoks\u00e1got senkinek sem kell bemutatni. Er\u0151s csapatok szerepelnek benne, \u00e9s rengeteg ki\u00e9lezett m\u00e9rk\u0151z\u00e9st lehet j\u00e1tszani. Az ETO aj\u00e1nlata nagyon vonz\u00f3 volt sz\u00e1momra, mert egy olyan klub keresett meg, amely komoly c\u00e9lokkal \u00e9s hossz\u00fa t\u00e1v\u00fa tervekkel rendelkezik. \u00d6r\u00f6mmel csatlakozom majd ny\u00e1ron a csapathoz, \u00e9s szeretn\u00e9k a teljes\u00edtm\u00e9nyemmel stabil helyet kiv\u00edvni magamnak\u201d \u2013 fogalmazott Radojica Cepic.<\/p>\n\n\n\n<p>A 23 \u00e9ves j\u00e1t\u00e9kos sz\u00fcl\u0151v\u00e1rosa, a Rudar Pljevlja egy\u00fcttes\u00e9ben kezdte p\u00e1lyafut\u00e1s\u00e1t, majd 2020-ban a Celje csapat\u00e1hoz szerz\u0151d\u00f6tt. Ezt k\u00f6vet\u0151en a HSG Wetzlar j\u00e1t\u00e9kosa lett, a szezon m\u00e1sodik fel\u00e9t pedig k\u00f6lcs\u00f6nben a g\u00f6r\u00f6g AEK-n\u00e1l t\u00f6lt\u00f6tte. 2023 nyar\u00e1n a sv\u00e1jci HC Kriens-Luzernhez igazolt. Eddigi karrierje sor\u00e1n szlov\u00e9n bajnoki c\u00edmet szerzett, Sv\u00e1jcban pedig kupagy\u0151ztes lett. A Bajnokok Lig\u00e1j\u00e1ban \u00e9s az Eur\u00f3pa-lig\u00e1ban is p\u00e1ly\u00e1ra l\u00e9pett, a montenegr\u00f3i v\u00e1logatottban pedig stabil kerettagnak sz\u00e1m\u00edt.<\/p>\n\n\n\n<p>\u00dcdv\u00f6zl\u00fcnk Gy\u0151rben, Radojica! Sok sikert k\u00edv\u00e1nunk z\u00f6ld-feh\u00e9r mezben!<\/p>\n","protected":false},"excerpt":{"rendered":"<p>Az ETO University Handball Team egy tehets\u00e9ges, komoly fejl\u0151d\u00e9si potenci\u00e1llal rendelkez\u0151 fiatal j\u00e1t\u00e9kossal er\u0151s\u00edti meg keret\u00e9t: Radojica Cepic a sv\u00e1jci bajnoks\u00e1gb\u00f3l igazol a magyar \u00e9lvonalba. A mind\u00f6ssze 23 \u00e9ves, jobbkezes l\u00f6v\u0151 fiatal kora ellen\u00e9re m\u00e1r jelent\u0151s nemzetk\u00f6zi tapasztalattal rendelkezik. P\u00e1lyafut\u00e1sa sor\u00e1n nyert szlov\u00e9n bajnoks\u00e1got \u00e9s sv\u00e1jci kup\u00e1t is, emellett Montenegr\u00f3 v\u00e1logatottj\u00e1nak sz\u00edneiben Eur\u00f3pa-bajnoks\u00e1gon \u00e9s vil\u00e1gbajnoks\u00e1gon [&hellip;]<\/p>\n","protected":false},"author":7,"featured_media":5485,"comment_status":"closed","ping_status":"open","sticky":false,"template":"","format":"standard","meta":{"ngg_post_thumbnail":0,"footnotes":""},"categories":[1],"tags":[],"class_list":["post-5484","post","type-post","status-publish","format-standard","has-post-thumbnail","hentry","category-egyeb"],"_links":{"self":[{"href":"https:\/\/gyorietouni.hu\/hu\/wp-json\/wp\/v2\/posts\/5484","targetHints":{"allow":["GET"]}}],"collection":[{"href":"https:\/\/gyorietouni.hu\/hu\/wp-json\/wp\/v2\/posts"}],"about":[{"href":"https:\/\/gyorietouni.hu\/hu\/wp-json\/wp\/v2\/types\/post"}],"author":[{"embeddable":true,"href":"https:\/\/gyorietouni.hu\/hu\/wp-json\/wp\/v2\/users\/7"}],"replies":[{"embeddable":true,"href":"https:\/\/gyorietouni.hu\/hu\/wp-json\/wp\/v2\/comments?post=5484"}],"version-history":[{"count":1,"href":"https:\/\/gyorietouni.hu\/hu\/wp-json\/wp\/v2\/posts\/5484\/revisions"}],"predecessor-version":[{"id":5486,"href":"https:\/\/gyorietouni.hu\/hu\/wp-json\/wp\/v2\/posts\/5484\/revisions\/5486"}],"wp:featuredmedia":[{"embeddable":true,"href":"https:\/\/gyorietouni.hu\/hu\/wp-json\/wp\/v2\/media\/5485"}],"wp:attachment":[{"href":"https:\/\/gyorietouni.hu\/hu\/wp-json\/wp\/v2\/media?parent=5484"}],"wp:term":[{"taxonomy":"category","embeddable":true,"href":"https:\/\/gyorietouni.hu\/hu\/wp-json\/wp\/v2\/categories?post=5484"},{"taxonomy":"post_tag","embeddable":true,"href":"https:\/\/gyorietouni.hu\/hu\/wp-json\/wp\/v2\/tags?post=5484"}],"curies":[{"name":"wp","href":"https:\/\/api.w.org\/{rel}","templated":true}]}}