{"id":5473,"date":"2026-04-28T17:00:00","date_gmt":"2026-04-28T15:00:00","guid":{"rendered":"https:\/\/gyorietouni.hu\/?p=5473"},"modified":"2026-04-28T14:17:31","modified_gmt":"2026-04-28T12:17:31","slug":"dely-marton-a-kovetkezo-idenyben-is-az-eto-university-handball-team-jatekosa-marad","status":"publish","type":"post","link":"https:\/\/gyorietouni.hu\/hu\/2026\/04\/28\/dely-marton-a-kovetkezo-idenyben-is-az-eto-university-handball-team-jatekosa-marad\/","title":{"rendered":"Dely M\u00e1rton a k\u00f6vetkez\u0151 id\u00e9nyben is az ETO University Handball Team j\u00e1t\u00e9kosa marad"},"content":{"rendered":"\n<p><strong>Az ETO University Handball Team \u00f6r\u00f6mmel jelenti be, hogy Dely M\u00e1rton egy \u00e9vvel meghosszabb\u00edtotta ny\u00e1ron lej\u00e1r\u00f3 szerz\u0151d\u00e9s\u00e9t, \u00edgy a 2026\u20132027-es szezonban is z\u00f6ld-feh\u00e9rben folytatja p\u00e1lyafut\u00e1s\u00e1t.<\/strong><\/p>\n\n\n\n<p>A balkezes jobb\u00e1tl\u00f6v\u0151 2024 nyar\u00e1n \u00e9rkezett Gy\u0151rbe a NEKA egy\u00fcttes\u00e9t\u0151l, \u00e9s az\u00f3ta fontos l\u00e1ncszem\u00e9v\u00e9 v\u00e1lt csapatunknak. Dely t\u00e1mad\u00e1sban \u00e9s v\u00e9dekez\u00e9sben egyar\u00e1nt megb\u00edzhat\u00f3 teljes\u00edtm\u00e9nyt ny\u00fajt, jelenleg pedig a h\u00e1zi g\u00f3ll\u00f6v\u0151lista negyedik hely\u00e9n \u00e1ll.<\/p>\n\n\n\n<p><em>\u201eMarci fontos j\u00e1t\u00e9kosa a klubunknak, t\u00e1mad\u00e1sban \u00e9s v\u00e9dekez\u00e9sben is sz\u00e1m\u00edthatunk r\u00e1. J\u00f3 d\u00f6nt\u00e9s volt \u0151t 2024-ben Gy\u0151rbe igazolni, \u00e9s \u00f6r\u00fcl\u00f6k, hogy \u0151 is szerette volna meghosszabb\u00edtani a kontraktus\u00e1t. 25 \u00e9vesen m\u00e9g rengeteg fejl\u0151d\u00e9si lehet\u0151s\u00e9g rejlik benne, \u00e9s szeretn\u00e9nk, ha ezt Gy\u0151rben tudn\u00e1 tov\u00e1bb kibontakoztatni\u201d<\/em> \u2013 mondta Uhlig Rita \u00fcgyvezet\u0151.<\/p>\n\n\n\n<p>A szerz\u0151d\u00e9shosszabb\u00edt\u00e1s azt is jelenti, hogy a k\u00f6vetkez\u0151 id\u00e9nyben is biztosan megmarad a Luka Stepancic\u2013Dely M\u00e1rton p\u00e1ros jobb\u00e1tl\u00f6v\u0151 poszton. A du\u00f3 a legut\u00f3bbi, Szeged elleni bajnokin \u00f6sszesen 12 g\u00f3lt szerzett, egyenl\u0151 ar\u00e1nyban, 6-6 tal\u00e1lattal.<\/p>\n\n\n\n<p><em>\u201eNagyon \u00f6r\u00fcl\u00f6k, hogy a k\u00f6vetkez\u0151 id\u00e9nyben is z\u00f6ld-feh\u00e9rben szerepelhetek. Tov\u00e1bbra is tele vagyok tervekkel \u00e9s amb\u00edci\u00f3kkal, \u00e9s szeretn\u00e9m, ha a klubbal egy\u00fctt j\u00f6v\u0151re is tudn\u00e1nk fejl\u0151dni. Ny\u00e1ron kezdem meg a harmadik szezonomat Gy\u0151rben, \u00e9s az a c\u00e9lom, hogy min\u00e9l nagyobb sikerekhez seg\u00edtsem a csapatot, ebb\u0151l pedig akt\u00edvan ki is vegyem a r\u00e9szem<\/em>\u201d \u2013 fogalmazott Dely M\u00e1rton.<\/p>\n\n\n\n<p>Dely M\u00e1rton p\u00e1lyafut\u00e1s\u00e1t a Budapest Honv\u00e9dn\u00e1l kezdte, ezt k\u00f6vet\u0151en kilenc \u00e9ven \u00e1t a NEKA csapataiban szerepelt, miel\u0151tt 2024 nyar\u00e1n csatlakozott az ETO University Handball Teamhez.<\/p>\n\n\n\n<p>Gratul\u00e1lunk Dely M\u00e1rtonnak a szerz\u0151d\u00e9shosszabb\u00edt\u00e1shoz, \u00e9s tov\u00e1bbi sok sikert k\u00edv\u00e1nunk z\u00f6ld-feh\u00e9rben!<\/p>\n","protected":false},"excerpt":{"rendered":"<p>Az ETO University Handball Team \u00f6r\u00f6mmel jelenti be, hogy Dely M\u00e1rton egy \u00e9vvel meghosszabb\u00edtotta ny\u00e1ron lej\u00e1r\u00f3 szerz\u0151d\u00e9s\u00e9t, \u00edgy a 2026\u20132027-es szezonban is z\u00f6ld-feh\u00e9rben folytatja p\u00e1lyafut\u00e1s\u00e1t. A balkezes jobb\u00e1tl\u00f6v\u0151 2024 nyar\u00e1n \u00e9rkezett Gy\u0151rbe a NEKA egy\u00fcttes\u00e9t\u0151l, \u00e9s az\u00f3ta fontos l\u00e1ncszem\u00e9v\u00e9 v\u00e1lt csapatunknak. Dely t\u00e1mad\u00e1sban \u00e9s v\u00e9dekez\u00e9sben egyar\u00e1nt megb\u00edzhat\u00f3 teljes\u00edtm\u00e9nyt ny\u00fajt, jelenleg pedig a h\u00e1zi g\u00f3ll\u00f6v\u0151lista negyedik [&hellip;]<\/p>\n","protected":false},"author":13,"featured_media":5474,"comment_status":"closed","ping_status":"open","sticky":false,"template":"","format":"standard","meta":{"ngg_post_thumbnail":0,"footnotes":""},"categories":[1],"tags":[],"class_list":["post-5473","post","type-post","status-publish","format-standard","has-post-thumbnail","hentry","category-egyeb"],"_links":{"self":[{"href":"https:\/\/gyorietouni.hu\/hu\/wp-json\/wp\/v2\/posts\/5473","targetHints":{"allow":["GET"]}}],"collection":[{"href":"https:\/\/gyorietouni.hu\/hu\/wp-json\/wp\/v2\/posts"}],"about":[{"href":"https:\/\/gyorietouni.hu\/hu\/wp-json\/wp\/v2\/types\/post"}],"author":[{"embeddable":true,"href":"https:\/\/gyorietouni.hu\/hu\/wp-json\/wp\/v2\/users\/13"}],"replies":[{"embeddable":true,"href":"https:\/\/gyorietouni.hu\/hu\/wp-json\/wp\/v2\/comments?post=5473"}],"version-history":[{"count":1,"href":"https:\/\/gyorietouni.hu\/hu\/wp-json\/wp\/v2\/posts\/5473\/revisions"}],"predecessor-version":[{"id":5475,"href":"https:\/\/gyorietouni.hu\/hu\/wp-json\/wp\/v2\/posts\/5473\/revisions\/5475"}],"wp:featuredmedia":[{"embeddable":true,"href":"https:\/\/gyorietouni.hu\/hu\/wp-json\/wp\/v2\/media\/5474"}],"wp:attachment":[{"href":"https:\/\/gyorietouni.hu\/hu\/wp-json\/wp\/v2\/media?parent=5473"}],"wp:term":[{"taxonomy":"category","embeddable":true,"href":"https:\/\/gyorietouni.hu\/hu\/wp-json\/wp\/v2\/categories?post=5473"},{"taxonomy":"post_tag","embeddable":true,"href":"https:\/\/gyorietouni.hu\/hu\/wp-json\/wp\/v2\/tags?post=5473"}],"curies":[{"name":"wp","href":"https:\/\/api.w.org\/{rel}","templated":true}]}}