{"id":5151,"date":"2026-03-11T21:46:04","date_gmt":"2026-03-11T19:46:04","guid":{"rendered":"https:\/\/gyorietouni.hu\/?p=5151"},"modified":"2026-03-11T21:46:04","modified_gmt":"2026-03-11T19:46:04","slug":"40-eve-nyert-vb-ezustermet-a-magyar-valogatott","status":"publish","type":"post","link":"https:\/\/gyorietouni.hu\/hu\/2026\/03\/11\/40-eve-nyert-vb-ezustermet-a-magyar-valogatott\/","title":{"rendered":"40 \u00e9ve nyert vb-ez\u00fcst\u00e9rmet a magyar v\u00e1logatott"},"content":{"rendered":"\n<p>Az MKSZ szerd\u00e1n \u00fcnnep\u00e9lyes d\u00edszeb\u00e9det adott az 1986-os sikercsapat tisztelet\u00e9re. K\u00f6sz\u00f6nt\u0151j\u00e9ben Ily\u00e9s Ferenc, a Magyar K\u00e9zilabda Sz\u00f6vets\u00e9g eln\u00f6ke felid\u00e9zte Kov\u00e1cs P\u00e9ter kor\u00e1bbi szavait, miszerint azt gondolt\u00e1k, el\u00e1tkozott gener\u00e1ci\u00f3 az \u00f6v\u00e9k.<\/p>\n\n\n\n<p>Mint kifejtette: a huszadik sz\u00e1zad legjobb magyar f\u00e9rfi k\u00e9zilabd\u00e1z\u00f3ja arra gondolt, hogy csak egy kicsivel cs\u00fasztak le az \u00e9remr\u0151l az 1980-as moszkvai olimpi\u00e1n, majd voltak rendk\u00edv\u00fcl f\u00e1j\u00f3 j\u00e1t\u00e9kvezet\u0151i \u00edt\u00e9letek a k\u00f6vetkez\u0151 vil\u00e1gbajnoks\u00e1gon, \u00e9s volt olyan vb is, amelyen a sok d\u00f6ntetlen akad\u00e1lyozta meg az \u00e9remszerz\u00e9s\u00fcket, majd j\u00f6tt az az\u00f3ta is mindenkinek f\u00e1j\u00f3 Los Angeles-i olimpiai bojkott. <\/p>\n\n\n\n<p>&#8222;Ut\u00e1na j\u00f6tt ez a fantasztikus ez\u00fcst\u00e9rem, \u00e9s az\u00f3ta az id\u0151 bizony\u00edtotta, hogy ti nem el\u00e1tkozott gener\u00e1ci\u00f3, hanem a nagy gener\u00e1ci\u00f3 vagytok. Az\u00f3ta is pr\u00f3b\u00e1lj\u00e1k el\u00e9rni, vagy esetleg fel\u00fclm\u00falni azt az eredm\u00e9nyt, de m\u00e9g nem siker\u00fclt&#8221; &#8211; mondta az eln\u00f6k. <\/p>\n\n\n\n<p>Hangs\u00falyozta: akkoriban f\u00e1jt a j\u00e1t\u00e9kosoknak, hogy ez\u00fcst\u00e9rmet szereztek, de az\u00f3ta a t\u00f6rt\u00e9nelem megmutatta, mennyire \u00e9rt\u00e9kes ez a m\u00e1sodik hely.<\/p>\n\n\n\n<figure class=\"wp-block-image aligncenter size-large\"><img loading=\"lazy\" decoding=\"async\" width=\"1024\" height=\"683\" src=\"https:\/\/gyorietouni.hu\/wp-content\/uploads\/650830822_1391756826326177_8283713168524022761_n-1-1024x683.jpg\" alt=\"\" class=\"wp-image-5157\" srcset=\"https:\/\/gyorietouni.hu\/wp-content\/uploads\/650830822_1391756826326177_8283713168524022761_n-1-1024x683.jpg 1024w, https:\/\/gyorietouni.hu\/wp-content\/uploads\/650830822_1391756826326177_8283713168524022761_n-1-300x200.jpg 300w, https:\/\/gyorietouni.hu\/wp-content\/uploads\/650830822_1391756826326177_8283713168524022761_n-1-768x512.jpg 768w, https:\/\/gyorietouni.hu\/wp-content\/uploads\/650830822_1391756826326177_8283713168524022761_n-1-1536x1024.jpg 1536w, https:\/\/gyorietouni.hu\/wp-content\/uploads\/650830822_1391756826326177_8283713168524022761_n-1-18x12.jpg 18w, https:\/\/gyorietouni.hu\/wp-content\/uploads\/650830822_1391756826326177_8283713168524022761_n-1.jpg 2048w\" sizes=\"auto, (max-width: 1024px) 100vw, 1024px\" \/><\/figure>\n\n\n\n<p>Ily\u00e9s szerint a csapat erej\u00e9t, nagys\u00e1g\u00e1t nem csak az mutatja, hogy a j\u00e1t\u00e9kosok mit \u00e9rtek el a p\u00e1ly\u00e1n, hiszen t\u00f6bben k\u00e9s\u0151bb is a magyar k\u00e9zilabd\u00e1t szolg\u00e1lt\u00e1k edz\u0151k\u00e9nt, klubvezet\u0151k\u00e9nt. <\/p>\n\n\n\n<p>Kov\u00e1cs P\u00e9ter meger\u0151s\u00edtette: sok\u00e1ig azt hitte, az \u0151 gener\u00e1ci\u00f3juk mindig elbukik valahol, \u00e9s negyven \u00e9vvel ezel\u0151tt m\u00e1r \u00fagy gondolta, nekik semmi nem fog siker\u00fclni. Ekkor azonban j\u00f6tt a vb-ez\u00fcst\u00e9rem, ha nem is der\u00fclt \u00e9gb\u0151l vill\u00e1mcsap\u00e1sk\u00e9nt, de a vil\u00e1gklasszis \u00e1tl\u00f6v\u0151 sz\u00e1m\u00e1ra hatalmas meglepet\u00e9sk\u00e9nt. <\/p>\n\n\n\n<p>&#8222;V\u00e9g\u00fcl bizony\u00edtottuk, hogy m\u00e9gsem vagyunk amat\u0151r\u00f6k, m\u00e9gsem vagyunk kezd\u0151k, m\u00e9gsem vagyunk el\u00e1tkozottak, hiszen siker\u00fclt ezt a jelent\u0151s eredm\u00e9nyt el\u00e9rn\u00fcnk&#8221; &#8211; f\u0171zte hozz\u00e1. <\/p>\n\n\n\n<p>A Budapesti Honv\u00e9d BEK-gy\u0151ztese h\u00e1rom embert eml\u00edtett meg a jubileum kapcs\u00e1n: Fazekas L\u00e1szl\u00f3t, az ut\u00e1np\u00f3tl\u00e1s-v\u00e1logatott n\u00e9hai szakvezet\u0151j\u00e9t, valamint Kov\u00e1cs L\u00e1szl\u00f3t \u00e9s Faludi Mih\u00e1lyt, a feln\u0151tt v\u00e1logatott egykori sz\u00f6vets\u00e9gi kapit\u00e1nyait. <\/p>\n\n\n\n<p>A sikercsapat sz\u00f6vets\u00e9gi kapit\u00e1nya, Mocsai Lajos eml\u00e9keztetett, hogy ez a gener\u00e1ci\u00f3 k\u00e9t r\u00e9szre oszlott: az egyiknek a tagjai utols\u00f3 er\u0151pr\u00f3bak\u00e9nt, utols\u00f3 nagy lehet\u0151s\u00e9gk\u00e9nt tekintettek a vil\u00e1gbajnoks\u00e1gra \u00e9s az \u00e9remszerz\u00e9sre, a 24-26 \u00e9v k\u00f6r\u00fcli koroszt\u00e1ly pedig feln\u0151tt a feladathoz \u00e9s szint\u00e9n nagyon magas szinten teljes\u00edtett. <\/p>\n\n\n\n<p>&#8222;Tal\u00e1n ebb\u0151l a dacb\u00f3l, ebb\u0151l az elhat\u00e1roz\u00e1sb\u00f3l, ebb\u0151l a c\u00e9lb\u00f3l alakult ki az az alkalmazkod\u00e1s, az a k\u00e9szs\u00e9g, ami a csapat bels\u0151 tart\u00e1s\u00e1t \u00e9s erej\u00e9t adta. A magyar k\u00e9zilabd\u00e1nak aj\u00e1nljuk a mai napig is azt a h\u00e1rmas egys\u00e9get, amit ott megval\u00f3s\u00edtottunk&#8221; &#8211; k\u00f6z\u00f6lte a mester.<\/p>\n\n\n\n<figure class=\"wp-block-image aligncenter size-large\"><img loading=\"lazy\" decoding=\"async\" width=\"1024\" height=\"683\" src=\"https:\/\/gyorietouni.hu\/wp-content\/uploads\/650828555_1391756929659500_6877057675583661375_n-1024x683.jpg\" alt=\"\" class=\"wp-image-5153\" srcset=\"https:\/\/gyorietouni.hu\/wp-content\/uploads\/650828555_1391756929659500_6877057675583661375_n-1024x683.jpg 1024w, https:\/\/gyorietouni.hu\/wp-content\/uploads\/650828555_1391756929659500_6877057675583661375_n-300x200.jpg 300w, https:\/\/gyorietouni.hu\/wp-content\/uploads\/650828555_1391756929659500_6877057675583661375_n-768x512.jpg 768w, https:\/\/gyorietouni.hu\/wp-content\/uploads\/650828555_1391756929659500_6877057675583661375_n-1536x1025.jpg 1536w, https:\/\/gyorietouni.hu\/wp-content\/uploads\/650828555_1391756929659500_6877057675583661375_n-18x12.jpg 18w, https:\/\/gyorietouni.hu\/wp-content\/uploads\/650828555_1391756929659500_6877057675583661375_n.jpg 2048w\" sizes=\"auto, (max-width: 1024px) 100vw, 1024px\" \/><\/figure>\n\n\n\n<p>Ut\u00f3bbit kifejtve elmondta: az els\u0151 a maxim\u00e1lis fizik\u00e1lis felk\u00e9sz\u00edt\u00e9s, a m\u00e1sodik az egy\u00e9ni technikai kapacit\u00e1s, t\u00e1mad\u00f3 kapacit\u00e1s, tehets\u00e9g szerinti gyakorl\u00e1sok \u00e9p\u00edt\u00e9se, a harmadik pedig a sokoldal\u00fa strat\u00e9gia, mind v\u00e9dekez\u00e9sben, mind t\u00e1mad\u00e1sban. <\/p>\n\n\n\n<p>&#8222;Biztos vagyok benne, ha ma lenn\u00e9tek huszon\u00e9vesek, ugyanez a csapat \u00f3ri\u00e1si frekvenci\u00e1val, kieg\u00e9sz\u00edtve a k\u00f6z\u00e9pkezd\u00e9s adta lehet\u0151s\u00e9gekkel, ugyanolyan komoly j\u00e1t\u00e9ker\u0151t k\u00e9pviselne k\u00f6z\u00f6sen, mint annak idej\u00e9n. Ez a tehets\u00e9geteket jelenti&#8221; &#8211; sz\u00f3lt volt j\u00e1t\u00e9kosaihoz. <\/p>\n\n\n\n<p>Mint felid\u00e9zte: nagyon sok id\u0151t t\u00f6lt\u00f6ttek egy\u00fctt \u00e9s nagyon sok &#8211; min\u0151s\u00e9gileg megtervezett, megalapozott, komoly &#8211; munk\u00e1t v\u00e9geztek el. A k\u00f6z\u00f6ss\u00e9g bels\u0151 tart\u00e1s\u00e1ra is t\u00e1maszkodhattak, hiszen &#8222;az egyg\u00f3los gy\u0151zelmek nem v\u00e9letlen\u00fcl sz\u00fclettek&#8221;. <\/p>\n\n\n\n<p>A kapit\u00e1ny felid\u00e9zte, hogy az Alg\u00e9ria elleni meccsen Kov\u00e1cs P\u00e9ter sajkacsontja k\u00e9t helyen elt\u00f6rt, de csakhamar lev\u00e1gt\u00e1k a gipszet, mert a j\u00e1t\u00e9kos lesz\u00f6gezte, hogy a vil\u00e1gbajnoks\u00e1g tov\u00e1bbi m\u00e9rk\u0151z\u00e9sein mindenk\u00e9ppen j\u00e1tszani szeretne. Az elsz\u00e1nts\u00e1g\u00e1nak \u00e9s kezel\u00e9seknek k\u00f6sz\u00f6nhet\u0151en ez meg is val\u00f3sult, a vil\u00e1gbajnoki d\u00f6nt\u0151ben p\u00e9ld\u00e1ul \u00f6t g\u00f3lt l\u0151tt.<\/p>\n\n\n\n<p>&#8222;Nagyon szerett\u00fcnk volna nyerni \u00e9s nagyon szomor\u00faak voltunk. Aznap este vigasztalhatatlanok voltunk, de \u00f6sszess\u00e9g\u00e9ben ez egy sportt\u00f6rt\u00e9neti eredm\u00e9ny&#8221; &#8211; k\u00f6z\u00f6lte Mocsai, aki arra utalt, hogy a magyar f\u00e9rfiv\u00e1logatott azt megel\u0151z\u0151en, \u00e9s az\u00f3ta sem szerzett \u00e9rmet semmilyen vil\u00e1gversenyen.<\/p>\n\n\n\n<figure class=\"wp-block-image aligncenter size-large\"><img loading=\"lazy\" decoding=\"async\" width=\"1024\" height=\"468\" src=\"https:\/\/gyorietouni.hu\/wp-content\/uploads\/650369788_1391756529659540_4716364227411236724_n-1024x468.jpg\" alt=\"\" class=\"wp-image-5154\" srcset=\"https:\/\/gyorietouni.hu\/wp-content\/uploads\/650369788_1391756529659540_4716364227411236724_n-1024x468.jpg 1024w, https:\/\/gyorietouni.hu\/wp-content\/uploads\/650369788_1391756529659540_4716364227411236724_n-300x137.jpg 300w, https:\/\/gyorietouni.hu\/wp-content\/uploads\/650369788_1391756529659540_4716364227411236724_n-768x351.jpg 768w, https:\/\/gyorietouni.hu\/wp-content\/uploads\/650369788_1391756529659540_4716364227411236724_n-1536x702.jpg 1536w, https:\/\/gyorietouni.hu\/wp-content\/uploads\/650369788_1391756529659540_4716364227411236724_n-2048x935.jpg 2048w, https:\/\/gyorietouni.hu\/wp-content\/uploads\/650369788_1391756529659540_4716364227411236724_n-18x8.jpg 18w\" sizes=\"auto, (max-width: 1024px) 100vw, 1024px\" \/><\/figure>\n\n\n\n<p>Megl\u00e1t\u00e1sa szerint a csapat fizikailag \u00e9s pszich\u00e9sen egyar\u00e1nt olyan kaliberekkel rendelkezett a v\u00e9gj\u00e1t\u00e9kokban, akik felv\u00e1llalt\u00e1k a felel\u0151ss\u00e9get. <\/p>\n\n\n\n<p>&#8222;Napi h\u00e1rom-n\u00e9gy edz\u00e9s, magas tervezetts\u00e9g, magas odaad\u00e1s \u00e9s \u00f3ri\u00e1si fizikai terhel\u00e9s. J\u00f3 munka \u00e9s kiv\u00e1l\u00f3 mentalit\u00e1s. Aki \u00fagy gondolja, hogy manaps\u00e1g m\u00e1st kell csin\u00e1lni, az nagyon t\u00e9ved&#8221; &#8211; \u00e9rt\u00e9kelt a mester. <\/p>\n\n\n\n<p>Az esem\u00e9nyen a m\u00e1r elhunyt Szab\u00f3 L\u00e1szl\u00f3n \u00e9s Oross Tiboron, illetve Adorj\u00e1n J\u00e1nos edz\u0151n k\u00edv\u00fcl csak Gyurka J\u00e1nos nem jelent meg a negyven \u00e9vvel ezel\u0151tti v\u00e1logatott tagjai k\u00f6z\u00fcl. A legend\u00e1s csapat az 1986. febru\u00e1r 25. \u00e9s m\u00e1rcius 8. k\u00f6z\u00f6tt rendezett sv\u00e1jci torna csoportk\u00f6r\u00e9ben D\u00e1ni\u00e1t 25-21-re, Sv\u00e9dorsz\u00e1got 23-22-re, Alg\u00e9ri\u00e1t 23-19-re gy\u0151zte le. A k\u00f6z\u00e9pd\u00f6nt\u0151ben Izland ellen 21-20-ra, Rom\u00e1nia ellen 19-17-re, a Koreai K\u00f6zt\u00e1rsas\u00e1g ellen pedig 34-28-ra nyert, v\u00e9g\u00fcl a z\u00fcrichi d\u00f6nt\u0151ben 24-22-re kikapott Jugoszl\u00e1vi\u00e1t\u00f3l. <\/p>\n\n\n\n<p>A vb-ez\u00fcst\u00e9rmes magyar f\u00e9rfiv\u00e1logatott kerete: B\u00edr\u00f3 Imre, Bord\u00e1s J\u00f3zsef, Debre Viktor, Fodor J\u00e1nos, Gyurka J\u00e1nos, Hoffmann L\u00e1szl\u00f3, Horv\u00e1th G\u00e1bor, Iv\u00e1ncsik Mih\u00e1ly, Kenyeres J\u00f3zsef, Kontra Zsolt, Kov\u00e1cs Mih\u00e1ly, Kov\u00e1cs P\u00e9ter, Marosi L\u00e1szl\u00f3, Szab\u00f3 L\u00e1szl\u00f3, Oross Tibor, sz\u00f6vets\u00e9gi kapit\u00e1ny: Mocsai Lajos<\/p>\n\n\n\n<figure class=\"wp-block-image aligncenter size-large\"><img loading=\"lazy\" decoding=\"async\" width=\"1024\" height=\"682\" src=\"https:\/\/gyorietouni.hu\/wp-content\/uploads\/650987288_1391756556326204_837332848549731566_n-1024x682.jpg\" alt=\"\" class=\"wp-image-5155\" srcset=\"https:\/\/gyorietouni.hu\/wp-content\/uploads\/650987288_1391756556326204_837332848549731566_n-1024x682.jpg 1024w, https:\/\/gyorietouni.hu\/wp-content\/uploads\/650987288_1391756556326204_837332848549731566_n-300x200.jpg 300w, https:\/\/gyorietouni.hu\/wp-content\/uploads\/650987288_1391756556326204_837332848549731566_n-768x512.jpg 768w, https:\/\/gyorietouni.hu\/wp-content\/uploads\/650987288_1391756556326204_837332848549731566_n-1536x1023.jpg 1536w, https:\/\/gyorietouni.hu\/wp-content\/uploads\/650987288_1391756556326204_837332848549731566_n-18x12.jpg 18w, https:\/\/gyorietouni.hu\/wp-content\/uploads\/650987288_1391756556326204_837332848549731566_n.jpg 2048w\" sizes=\"auto, (max-width: 1024px) 100vw, 1024px\" \/><\/figure>\n","protected":false},"excerpt":{"rendered":"<p>Az MKSZ szerd\u00e1n \u00fcnnep\u00e9lyes d\u00edszeb\u00e9det adott az 1986-os sikercsapat tisztelet\u00e9re. K\u00f6sz\u00f6nt\u0151j\u00e9ben Ily\u00e9s Ferenc, a Magyar K\u00e9zilabda Sz\u00f6vets\u00e9g eln\u00f6ke felid\u00e9zte Kov\u00e1cs P\u00e9ter kor\u00e1bbi szavait, miszerint azt gondolt\u00e1k, el\u00e1tkozott gener\u00e1ci\u00f3 az \u00f6v\u00e9k. Mint kifejtette: a huszadik sz\u00e1zad legjobb magyar f\u00e9rfi k\u00e9zilabd\u00e1z\u00f3ja arra gondolt, hogy csak egy kicsivel cs\u00fasztak le az \u00e9remr\u0151l az 1980-as moszkvai olimpi\u00e1n, majd voltak [&hellip;]<\/p>\n","protected":false},"author":12,"featured_media":5156,"comment_status":"closed","ping_status":"open","sticky":false,"template":"","format":"standard","meta":{"ngg_post_thumbnail":0,"footnotes":""},"categories":[1],"tags":[],"class_list":["post-5151","post","type-post","status-publish","format-standard","has-post-thumbnail","hentry","category-egyeb"],"_links":{"self":[{"href":"https:\/\/gyorietouni.hu\/hu\/wp-json\/wp\/v2\/posts\/5151","targetHints":{"allow":["GET"]}}],"collection":[{"href":"https:\/\/gyorietouni.hu\/hu\/wp-json\/wp\/v2\/posts"}],"about":[{"href":"https:\/\/gyorietouni.hu\/hu\/wp-json\/wp\/v2\/types\/post"}],"author":[{"embeddable":true,"href":"https:\/\/gyorietouni.hu\/hu\/wp-json\/wp\/v2\/users\/12"}],"replies":[{"embeddable":true,"href":"https:\/\/gyorietouni.hu\/hu\/wp-json\/wp\/v2\/comments?post=5151"}],"version-history":[{"count":1,"href":"https:\/\/gyorietouni.hu\/hu\/wp-json\/wp\/v2\/posts\/5151\/revisions"}],"predecessor-version":[{"id":5158,"href":"https:\/\/gyorietouni.hu\/hu\/wp-json\/wp\/v2\/posts\/5151\/revisions\/5158"}],"wp:featuredmedia":[{"embeddable":true,"href":"https:\/\/gyorietouni.hu\/hu\/wp-json\/wp\/v2\/media\/5156"}],"wp:attachment":[{"href":"https:\/\/gyorietouni.hu\/hu\/wp-json\/wp\/v2\/media?parent=5151"}],"wp:term":[{"taxonomy":"category","embeddable":true,"href":"https:\/\/gyorietouni.hu\/hu\/wp-json\/wp\/v2\/categories?post=5151"},{"taxonomy":"post_tag","embeddable":true,"href":"https:\/\/gyorietouni.hu\/hu\/wp-json\/wp\/v2\/tags?post=5151"}],"curies":[{"name":"wp","href":"https:\/\/api.w.org\/{rel}","templated":true}]}}