{"id":4662,"date":"2026-01-03T13:38:12","date_gmt":"2026-01-03T11:38:12","guid":{"rendered":"https:\/\/gyorietouni.hu\/?p=4662"},"modified":"2026-01-03T13:38:12","modified_gmt":"2026-01-03T11:38:12","slug":"krakovszki-zsolt-bokaserulest-szenvedett","status":"publish","type":"post","link":"https:\/\/gyorietouni.hu\/hu\/2026\/01\/03\/krakovszki-zsolt-bokaserulest-szenvedett\/","title":{"rendered":"Krakovszki Zsolt bokas\u00e9r\u00fcl\u00e9st szenvedett"},"content":{"rendered":"\n<p>Megkezdte a felk\u00e9sz\u00fcl\u00e9st a magyar f\u00e9rfi v\u00e1logatott a janu\u00e1r 16-\u00e1n kezd\u0151d\u0151 d\u00e1n-sv\u00e9d-norv\u00e9g k\u00f6z\u00f6s rendez\u00e9s\u0171 Eur\u00f3pa-bajnoks\u00e1gra. Rossz h\u00edr a csapat h\u00e1za t\u00e1j\u00e1r\u00f3l, hogy csapatunk jobbsz\u00e9ls\u0151je, Krakovszki Zsolt az egyik edz\u00e9sen bokas\u00e9r\u00fcl\u00e9st szenvedett, \u00edgy lemarad a kontinenstorn\u00e1r\u00f3l.<br><br><em>\u201eA gy\u0151ri ETO University HT jobbsz\u00e9ls\u0151j\u00e9t az edz\u00e9s helysz\u00edn\u00e9n a v\u00e1logatott orvosai, \u00e9n \u00e9s Dr. Erd\u00e9lyi G\u00e1bor, valamint Szikra-Mezey Csaba vezet\u0151 terapeuta ell\u00e1ttuk &#8211; <\/em>mondta el Dr. T\u00e1trai Mikl\u00f3s, a v\u00e1logatott keretorvosa.<em> Zsolt a jobb bok\u00e1j\u00e1n szenvedett s\u00falyos szalags\u00e9r\u00fcl\u00e9st a v\u00e1logatott edz\u00e9s\u00e9n, \u00e9s mivel akut beavatkoz\u00e1sra volt sz\u00fcks\u00e9g, m\u00e9g p\u00e9ntek este a Fej\u00e9r V\u00e1rmegyei Szent Gy\u00f6rgy K\u00f3rh\u00e1zban Dr. Batta Istv\u00e1n megoper\u00e1lta. Ez\u00faton is k\u00fcl\u00f6n k\u00f6sz\u00f6nj\u00fck a doktor \u00far \u00e9s a teljes k\u00f3rh\u00e1z maxim\u00e1lis seg\u00edt\u0151k\u00e9szs\u00e9g\u00e9t, hozz\u00e1\u00e1ll\u00e1s\u00e1t, a j\u00e1t\u00e9kos a legjobb kezekben volt. Zsolt bok\u00e1ja stabil, fekv\u0151gipszet kap, majd kezd\u0151dik a rehabilit\u00e1ci\u00f3ja. Jelenleg neh\u00e9z pontosan megj\u00f3solni, mikor t\u00e9rhet vissza, hiszen tov\u00e1bbi vizsg\u00e1latok v\u00e1rnak r\u00e1, de az ilyen t\u00edpus\u00fa s\u00e9r\u00fcl\u00e9sek eset\u00e9n a gy\u00f3gyul\u00e1si id\u0151 t\u00f6bb h\u00f3nap.<\/em><em>\u201d<\/em><br><br>A jobbsz\u00e9ls\u0151 hely\u00e9re Chema Rodriguez sz\u00f6vets\u00e9gi kapit\u00e1ny az OTP Bank-Pick Szeged j\u00e1t\u00e9kos\u00e1t, Szil\u00e1gyi Benj\u00e1mint h\u00edvta be a keretbe.<\/p>\n\n\n\n<p>Krakovszki Zsoltnak ez\u00faton is gyors gy\u00f3gyul\u00e1st k\u00edv\u00e1nunk. V\u00e1runk vissza!<\/p>\n\n\n\n<figure class=\"wp-block-image aligncenter size-large\"><img loading=\"lazy\" decoding=\"async\" width=\"1024\" height=\"687\" src=\"https:\/\/gyorietouni.hu\/wp-content\/uploads\/krako_1-1024x687.jpg\" alt=\"\" class=\"wp-image-4664\" srcset=\"https:\/\/gyorietouni.hu\/wp-content\/uploads\/krako_1-1024x687.jpg 1024w, https:\/\/gyorietouni.hu\/wp-content\/uploads\/krako_1-300x201.jpg 300w, https:\/\/gyorietouni.hu\/wp-content\/uploads\/krako_1-768x515.jpg 768w, https:\/\/gyorietouni.hu\/wp-content\/uploads\/krako_1-18x12.jpg 18w, https:\/\/gyorietouni.hu\/wp-content\/uploads\/krako_1.jpg 1190w\" sizes=\"auto, (max-width: 1024px) 100vw, 1024px\" \/><\/figure>\n","protected":false},"excerpt":{"rendered":"<p>Megkezdte a felk\u00e9sz\u00fcl\u00e9st a magyar f\u00e9rfi v\u00e1logatott a janu\u00e1r 16-\u00e1n kezd\u0151d\u0151 d\u00e1n-sv\u00e9d-norv\u00e9g k\u00f6z\u00f6s rendez\u00e9s\u0171 Eur\u00f3pa-bajnoks\u00e1gra. Rossz h\u00edr a csapat h\u00e1za t\u00e1j\u00e1r\u00f3l, hogy csapatunk jobbsz\u00e9ls\u0151je, Krakovszki Zsolt az egyik edz\u00e9sen bokas\u00e9r\u00fcl\u00e9st szenvedett, \u00edgy lemarad a kontinenstorn\u00e1r\u00f3l. \u201eA gy\u0151ri ETO University HT jobbsz\u00e9ls\u0151j\u00e9t az edz\u00e9s helysz\u00edn\u00e9n a v\u00e1logatott orvosai, \u00e9n \u00e9s Dr. Erd\u00e9lyi G\u00e1bor, valamint Szikra-Mezey Csaba [&hellip;]<\/p>\n","protected":false},"author":7,"featured_media":4663,"comment_status":"closed","ping_status":"open","sticky":false,"template":"","format":"standard","meta":{"ngg_post_thumbnail":0,"footnotes":""},"categories":[1],"tags":[],"class_list":["post-4662","post","type-post","status-publish","format-standard","has-post-thumbnail","hentry","category-egyeb"],"_links":{"self":[{"href":"https:\/\/gyorietouni.hu\/hu\/wp-json\/wp\/v2\/posts\/4662","targetHints":{"allow":["GET"]}}],"collection":[{"href":"https:\/\/gyorietouni.hu\/hu\/wp-json\/wp\/v2\/posts"}],"about":[{"href":"https:\/\/gyorietouni.hu\/hu\/wp-json\/wp\/v2\/types\/post"}],"author":[{"embeddable":true,"href":"https:\/\/gyorietouni.hu\/hu\/wp-json\/wp\/v2\/users\/7"}],"replies":[{"embeddable":true,"href":"https:\/\/gyorietouni.hu\/hu\/wp-json\/wp\/v2\/comments?post=4662"}],"version-history":[{"count":1,"href":"https:\/\/gyorietouni.hu\/hu\/wp-json\/wp\/v2\/posts\/4662\/revisions"}],"predecessor-version":[{"id":4665,"href":"https:\/\/gyorietouni.hu\/hu\/wp-json\/wp\/v2\/posts\/4662\/revisions\/4665"}],"wp:featuredmedia":[{"embeddable":true,"href":"https:\/\/gyorietouni.hu\/hu\/wp-json\/wp\/v2\/media\/4663"}],"wp:attachment":[{"href":"https:\/\/gyorietouni.hu\/hu\/wp-json\/wp\/v2\/media?parent=4662"}],"wp:term":[{"taxonomy":"category","embeddable":true,"href":"https:\/\/gyorietouni.hu\/hu\/wp-json\/wp\/v2\/categories?post=4662"},{"taxonomy":"post_tag","embeddable":true,"href":"https:\/\/gyorietouni.hu\/hu\/wp-json\/wp\/v2\/tags?post=4662"}],"curies":[{"name":"wp","href":"https:\/\/api.w.org\/{rel}","templated":true}]}}