{"id":4037,"date":"2025-10-10T10:59:20","date_gmt":"2025-10-10T08:59:20","guid":{"rendered":"https:\/\/gyorietouni.hu\/?p=4037"},"modified":"2025-10-10T10:59:20","modified_gmt":"2025-10-10T08:59:20","slug":"tehetseges-junior-valogatott-iranyito-csatlakozik-csapatunkhoz","status":"publish","type":"post","link":"https:\/\/gyorietouni.hu\/hu\/2025\/10\/10\/tehetseges-junior-valogatott-iranyito-csatlakozik-csapatunkhoz\/","title":{"rendered":"Tehets\u00e9ges junior v\u00e1logatott ir\u00e1ny\u00edt\u00f3 csatlakozik csapatunkhoz"},"content":{"rendered":"\n<p><strong>Eklemovic M\u00e1rk\u00f3val er\u0151s\u00edti meg keret\u00e9t az ETO University Handball Team csapata. Klubunk eddig is elk\u00f6telezett volt a fiatal magyar k\u00e9zilabd\u00e1z\u00f3k igazol\u00e1s\u00e1val \u00e9s szerepeltet\u00e9s\u00e9vel kapcsolatban, most egy \u00fajabb ifj\u00fa tehets\u00e9ggel er\u0151s\u00edtj\u00fck meg a csapatot.<\/strong><\/p>\n\n\n\n<p>Az ETO University Handball Team r\u00e9g\u00f3ta nagy hangs\u00falyt helyez a magyar j\u00e1t\u00e9kosok, ezen bel\u00fcl is a fiatal tehets\u00e9gek szerepeltet\u00e9s\u00e9re. Az idei \u00e9vadra kialak\u00edtott keret is ezen elvek alapj\u00e1n lett v\u00e9gleges\u00edtve.<\/p>\n\n\n\n<p><em>\u201eMiut\u00e1n hazai ellenfel\u00fcnket, az OTP Bank-PICK Szegedet megseg\u00edtve elengedt\u00fcnk a magyar k\u00e9zilabd\u00e1z\u00e1s egyik nagy tehets\u00e9g\u00e9t egyes\u00fclet\u00fcnkb\u0151l nyilv\u00e1nval\u00f3v\u00e1 v\u00e1lt, hogy gondoskodnunk kell megfelel\u0151 szint\u0171 helyettes\u00edt\u00e9sr\u0151l. \u00d6r\u00f6mmel jelentem be, hogy Eklemovic M\u00e1rk\u00f3 csatlakozik hozz\u00e1nk a mai napt\u00f3l. Filoz\u00f3fi\u00e1nk v\u00e1ltozatlan, azaz a rutinos, tapasztalt j\u00e1t\u00e9kosok mellett a fiatal magyar tehets\u00e9gekkel \u00e9p\u00edtj\u00fck fel a gy\u0151ri f\u00e9rfi k\u00e9zilabd\u00e1z\u00e1st a j\u00f6v\u0151ben is. M\u00e1rk\u00f3 szem\u00e9ly\u00e9ben egy tehets\u00e9ges fiatal ir\u00e1ny\u00edt\u00f3 csatlakozik hozz\u00e1nk, aki m\u00e1r a PLER Budapest elleni tal\u00e1lkoz\u00f3n mag\u00e1ra \u00f6ltheti klubunk z\u00f6ld-feh\u00e9r szerel\u00e9s\u00e9t. Sok sikert k\u00edv\u00e1nok neki egyes\u00fclet\u00fcnkben\u201d<\/em> \u2013 nyilatkozta Uhlig Rita \u00fcgyvezet\u0151.<\/p>\n\n\n\n<p><em>\u201eNagy \u00f6r\u00f6mmel csatlakozok az ETO csapat\u00e1hoz. J\u00f3l ismerem a klubot, nyomon k\u00f6vettem az eddigi szerepl\u00e9s\u00fcket. Nagyon vonz\u00f3 volt sz\u00e1momra az a terv, amit a vezet\u0151s\u00e9g felv\u00e1zolt sz\u00e1momra. Tudom, hogy egy kit\u0171n\u0151 k\u00f6z\u00f6ss\u00e9g tagja lehetek, \u00e9s rengeteg olyan j\u00e1t\u00e9kos alkotja a keretet, akikt\u0151l sokat tudok tanulni. Azon leszek, hogy az edz\u00e9seken \u00e9s a meccseken is megh\u00e1l\u00e1ljam a bizalmat, \u00e9s mindet megteszek, hogy teljes\u00edtm\u00e9nyemmel seg\u00edthessem a klubot a szezon elej\u00e9n kit\u0171z\u00f6tt c\u00e9lok el\u00e9r\u00e9s\u00e9ben\u201d<\/em> \u2013 mondta Eklemovic M\u00e1rk\u00f3.<\/p>\n\n\n\n<p>A 2007-es sz\u00fclet\u00e9s\u0171 sportol\u00f3 a Mol Tatab\u00e1nya csapat\u00e1t\u00f3l igazol \u00e1t egy\u00fcttes\u00fcnkh\u00f6z. Az el\u0151z\u0151 szezonban 24 bajnoki \u00e9s 3 Magyar Kupa meccsen szerepelt, \u00e9s 45 g\u00f3lt szerzett. Az idei szezonban h\u00e1rom meccsen volt nevezve riv\u00e1lisunkn\u00e1l, ezeken a meccsek 2 g\u00f3lt szerzett. Eklemovic M\u00e1rk\u00f3 alapembere volt az id\u00e9n ny\u00e1ron Egyiptomban, ifj\u00fas\u00e1gi vil\u00e1gbajnoks\u00e1gon szerepl\u0151 magyar koroszt\u00e1lyos v\u00e1logatottnak, nyolc tal\u00e1lkoz\u00f3n 47 alkalommal tal\u00e1lt be az ellenfelek h\u00e1l\u00f3j\u00e1ba, ezzel a magyar csapat legeredm\u00e9nyesebb j\u00e1t\u00e9kosa volt a torn\u00e1n.<\/p>\n\n\n\n<p>K\u00f6sz\u00f6nt\u00fcnk Gy\u0151rben M\u00e1rk\u00f3, \u00edrjuk egy\u00fctt, k\u00f6z\u00f6sen a gy\u0151ri f\u00e9rfi k\u00e9zilabda j\u00f6v\u0151j\u00e9t<br><\/p>\n","protected":false},"excerpt":{"rendered":"<p>Eklemovic M\u00e1rk\u00f3val er\u0151s\u00edti meg keret\u00e9t az ETO University Handball Team csapata. Klubunk eddig is elk\u00f6telezett volt a fiatal magyar k\u00e9zilabd\u00e1z\u00f3k igazol\u00e1s\u00e1val \u00e9s szerepeltet\u00e9s\u00e9vel kapcsolatban, most egy \u00fajabb ifj\u00fa tehets\u00e9ggel er\u0151s\u00edtj\u00fck meg a csapatot. Az ETO University Handball Team r\u00e9g\u00f3ta nagy hangs\u00falyt helyez a magyar j\u00e1t\u00e9kosok, ezen bel\u00fcl is a fiatal tehets\u00e9gek szerepeltet\u00e9s\u00e9re. Az idei \u00e9vadra [&hellip;]<\/p>\n","protected":false},"author":7,"featured_media":4038,"comment_status":"closed","ping_status":"open","sticky":false,"template":"","format":"standard","meta":{"ngg_post_thumbnail":0,"footnotes":""},"categories":[1],"tags":[],"class_list":["post-4037","post","type-post","status-publish","format-standard","has-post-thumbnail","hentry","category-egyeb"],"_links":{"self":[{"href":"https:\/\/gyorietouni.hu\/hu\/wp-json\/wp\/v2\/posts\/4037","targetHints":{"allow":["GET"]}}],"collection":[{"href":"https:\/\/gyorietouni.hu\/hu\/wp-json\/wp\/v2\/posts"}],"about":[{"href":"https:\/\/gyorietouni.hu\/hu\/wp-json\/wp\/v2\/types\/post"}],"author":[{"embeddable":true,"href":"https:\/\/gyorietouni.hu\/hu\/wp-json\/wp\/v2\/users\/7"}],"replies":[{"embeddable":true,"href":"https:\/\/gyorietouni.hu\/hu\/wp-json\/wp\/v2\/comments?post=4037"}],"version-history":[{"count":1,"href":"https:\/\/gyorietouni.hu\/hu\/wp-json\/wp\/v2\/posts\/4037\/revisions"}],"predecessor-version":[{"id":4039,"href":"https:\/\/gyorietouni.hu\/hu\/wp-json\/wp\/v2\/posts\/4037\/revisions\/4039"}],"wp:featuredmedia":[{"embeddable":true,"href":"https:\/\/gyorietouni.hu\/hu\/wp-json\/wp\/v2\/media\/4038"}],"wp:attachment":[{"href":"https:\/\/gyorietouni.hu\/hu\/wp-json\/wp\/v2\/media?parent=4037"}],"wp:term":[{"taxonomy":"category","embeddable":true,"href":"https:\/\/gyorietouni.hu\/hu\/wp-json\/wp\/v2\/categories?post=4037"},{"taxonomy":"post_tag","embeddable":true,"href":"https:\/\/gyorietouni.hu\/hu\/wp-json\/wp\/v2\/tags?post=4037"}],"curies":[{"name":"wp","href":"https:\/\/api.w.org\/{rel}","templated":true}]}}