{"id":3813,"date":"2025-05-05T11:51:13","date_gmt":"2025-05-05T09:51:13","guid":{"rendered":"https:\/\/gyorietouni.hu\/?p=3813"},"modified":"2025-05-05T11:51:13","modified_gmt":"2025-05-05T09:51:13","slug":"luka-stepancic-az-eto-university-handball-team-csapatahoz-igazol","status":"publish","type":"post","link":"https:\/\/gyorietouni.hu\/hu\/2025\/05\/05\/luka-stepancic-az-eto-university-handball-team-csapatahoz-igazol\/","title":{"rendered":"Luka Stepan\u010di\u0107 az ETO University Handball Team csapat\u00e1hoz igazol"},"content":{"rendered":"\n<p><\/p>\n\n\n\n<p>Az ETO University Handball Team \u00f6r\u00f6mmel jelenti be, hogy a horv\u00e1t v\u00e1logatott jobb\u00e1tl\u00f6v\u0151, Luka Stepan\u010di\u0107 a 2025\/2026-os szezont\u00f3l csapatunkat er\u0151s\u00edti.<\/p>\n\n\n\n<p>A 34 \u00e9ves, 203 cm magas j\u00e1t\u00e9kos kiemelked\u0151 nemzetk\u00f6zi tapasztalattal rendelkezik, hiszen kor\u00e1bban olyan \u00e9lklubokban szerepelt, mint az RK Zagreb, a Paris Saint-Germain, a Pick Szeged \u00e9s a Wis\u0142a P\u0142ock. P\u00e1lyafut\u00e1sa sor\u00e1n sz\u00e1mos nemzetk\u00f6zi kupasorozatban \u00e9s vil\u00e1gversenyen is bizony\u00edtotta kiv\u00e9teles k\u00e9pess\u00e9geit.<\/p>\n\n\n\n<p>Luka Stepan\u010di\u0107 \u00edgy nyilatkozott az \u00e1tigazol\u00e1s\u00e1r\u00f3l:<\/p>\n\n\n\n<p>\u201cIzgatottan v\u00e1rom, hogy csatlakozhassak az ETO University Handball Teamhez. Tudom, hogy a klub ambici\u00f3zus tervekkel rendelkezik, \u00e9s \u00f6r\u00fcl\u00f6k, hogy r\u00e9szese lehetek ennek a projektnek. B\u00edzom benne, hogy tapasztalatommal \u00e9s j\u00e1t\u00e9ktud\u00e1sommal hozz\u00e1j\u00e1rulhatok a csapat sikereihez.\u201d<\/p>\n\n\n\n<p>\u201cLuka Stepan\u010di\u0107 \u00e9rkez\u00e9se hatalmas el\u0151rel\u00e9p\u00e9s a csapatunk sz\u00e1m\u00e1ra. Nemzetk\u00f6zi tapasztalata \u00e9s k\u00e9pess\u00e9gei r\u00e9v\u00e9n nagyban er\u0151s\u00edti majd a jobb\u00e1tl\u00f6v\u0151 posztot. Biztos vagyok benne, hogy jelenl\u00e9te inspir\u00e1l\u00f3an hat majd a fiatal j\u00e1t\u00e9kosainkra is.\u201d &#8211; nyilatkozta Uhlig Rita a Gy\u0151ri ETO-UNI FKC Kft. \u00fcgyvezet\u0151je.<\/p>\n\n\n\n<p>Az ETO University Handball Team tov\u00e1bbra is elk\u00f6telezett a folyamatos fejl\u0151d\u00e9s \u00e9s a csapat meger\u0151s\u00edt\u00e9se mellett. Stepan\u010di\u0107 \u00e9rkez\u00e9s\u00e9vel egy \u00fajabb meghat\u00e1roz\u00f3 j\u00e1t\u00e9kossal b\u0151v\u00fcl keret\u00fcnk, amely nagyban hozz\u00e1j\u00e1rulhat a k\u00f6vetkez\u0151 szezonbeli c\u00e9ljaink el\u00e9r\u00e9s\u00e9hez.<\/p>\n","protected":false},"excerpt":{"rendered":"<p>Az ETO University Handball Team \u00f6r\u00f6mmel jelenti be, hogy a horv\u00e1t v\u00e1logatott jobb\u00e1tl\u00f6v\u0151, Luka Stepan\u010di\u0107 a 2025\/2026-os szezont\u00f3l csapatunkat er\u0151s\u00edti. A 34 \u00e9ves, 203 cm magas j\u00e1t\u00e9kos kiemelked\u0151 nemzetk\u00f6zi tapasztalattal rendelkezik, hiszen kor\u00e1bban olyan \u00e9lklubokban szerepelt, mint az RK Zagreb, a Paris Saint-Germain, a Pick Szeged \u00e9s a Wis\u0142a P\u0142ock. P\u00e1lyafut\u00e1sa sor\u00e1n sz\u00e1mos nemzetk\u00f6zi kupasorozatban [&hellip;]<\/p>\n","protected":false},"author":7,"featured_media":3814,"comment_status":"closed","ping_status":"open","sticky":false,"template":"","format":"standard","meta":{"ngg_post_thumbnail":0,"footnotes":""},"categories":[1],"tags":[],"class_list":["post-3813","post","type-post","status-publish","format-standard","has-post-thumbnail","hentry","category-egyeb"],"_links":{"self":[{"href":"https:\/\/gyorietouni.hu\/hu\/wp-json\/wp\/v2\/posts\/3813","targetHints":{"allow":["GET"]}}],"collection":[{"href":"https:\/\/gyorietouni.hu\/hu\/wp-json\/wp\/v2\/posts"}],"about":[{"href":"https:\/\/gyorietouni.hu\/hu\/wp-json\/wp\/v2\/types\/post"}],"author":[{"embeddable":true,"href":"https:\/\/gyorietouni.hu\/hu\/wp-json\/wp\/v2\/users\/7"}],"replies":[{"embeddable":true,"href":"https:\/\/gyorietouni.hu\/hu\/wp-json\/wp\/v2\/comments?post=3813"}],"version-history":[{"count":1,"href":"https:\/\/gyorietouni.hu\/hu\/wp-json\/wp\/v2\/posts\/3813\/revisions"}],"predecessor-version":[{"id":3815,"href":"https:\/\/gyorietouni.hu\/hu\/wp-json\/wp\/v2\/posts\/3813\/revisions\/3815"}],"wp:featuredmedia":[{"embeddable":true,"href":"https:\/\/gyorietouni.hu\/hu\/wp-json\/wp\/v2\/media\/3814"}],"wp:attachment":[{"href":"https:\/\/gyorietouni.hu\/hu\/wp-json\/wp\/v2\/media?parent=3813"}],"wp:term":[{"taxonomy":"category","embeddable":true,"href":"https:\/\/gyorietouni.hu\/hu\/wp-json\/wp\/v2\/categories?post=3813"},{"taxonomy":"post_tag","embeddable":true,"href":"https:\/\/gyorietouni.hu\/hu\/wp-json\/wp\/v2\/tags?post=3813"}],"curies":[{"name":"wp","href":"https:\/\/api.w.org\/{rel}","templated":true}]}}