{"id":5693,"date":"2026-09-01T12:50:03","date_gmt":"2026-09-01T10:50:03","guid":{"rendered":"https:\/\/gyorietouni.hu\/?p=5693"},"modified":"2026-09-01T12:50:03","modified_gmt":"2026-09-01T10:50:03","slug":"szezonkezdes-veszpremben","status":"publish","type":"post","link":"https:\/\/gyorietouni.hu\/en\/2026\/09\/01\/szezonkezdes-veszpremben\/","title":{"rendered":"szezonkezd\u00e9s veszpr\u00e9mben"},"content":{"rendered":"<p class=\"wp-block-paragraph\"><strong>Szerd\u00e1n megkezdi szerepl\u00e9s\u00e9t a K&amp;H f\u00e9rfi k\u00e9zilabda liga 2026\/2027-es ki\u00edr\u00e1s\u00e1ban az ETO University Handball Team. A 4. fordul\u00f3b\u00f3l el\u0151rehozott m\u00e9rk\u0151z\u00e9sen r\u00f6gt\u00f6n komoly er\u0151pr\u00f3ba v\u00e1r csapatunkra, amely a rekordbajnok One Veszpr\u00e9m otthon\u00e1ban l\u00e9p p\u00e1ly\u00e1ra. A tal\u00e1lkoz\u00f3t 2026. szeptember 2-\u00e1n, 18 \u00f3r\u00e1t\u00f3l rendezik a One Veszpr\u00e9m Ar\u00e9n\u00e1ban.<\/strong><\/p>\n\n\n\n<p class=\"wp-block-paragraph\">V\u00e9get \u00e9rt a ny\u00e1ri felk\u00e9sz\u00fcl\u00e9si id\u0151szak, csapatunk pedig r\u00f6gt\u00f6n k\u00e9t kem\u00e9ny idegenbeli m\u00e9rk\u0151z\u00e9ssel kezdi meg a bajnoki szerepl\u00e9st. Szerd\u00e1n a One Veszpr\u00e9m otthon\u00e1ba utaznak Kopornyik Zsolt tan\u00edtv\u00e1nyai, majd szombaton Szegeden l\u00e9pnek p\u00e1ly\u00e1ra a gy\u0151ri sr\u00e1cok.<\/p>\n\n\n\n<p class=\"wp-block-paragraph\">Az \u00faj id\u00e9nyre kilenc j\u00e1t\u00e9kos \u00e9rkezett csapatunkhoz. Kapusposzton Borb\u00e9ly \u00c1d\u00e1m \u00e9s Gy\u0151ri Krist\u00f3f, a sz\u00e9len Krakovszki Bence, be\u00e1ll\u00f3ban F\u00fczi D\u00e1niel, \u00e1tl\u00f6v\u0151k\u00e9nt Yuga Enomoto, Radojica \u010cepi\u0107 \u00e9s Kov\u00e1cs Tam\u00e1s, m\u00edg ir\u00e1ny\u00edt\u00f3k\u00e9nt Gy\u0151ri M\u00e1ty\u00e1s \u00e9s Bogn\u00e1r Alex b\u0151v\u00edti a szakmai st\u00e1b lehet\u0151s\u00e9geit.<\/p>\n\n\n\n<p class=\"wp-block-paragraph\">A szerdai \u00f6sszecsap\u00e1st Kiu G\u00e1bor \u00e9s Kiu Tam\u00e1s vezeti majd.<\/p>\n\n\n\n<p class=\"wp-block-paragraph\">A szezon els\u0151 bajnoki m\u00e9rk\u0151z\u00e9se el\u0151tt Kopornyik Zsolt vezet\u0151edz\u0151t k\u00e9rt\u00fck meg, hogy \u00e9rt\u00e9kelje a felk\u00e9sz\u00fcl\u00e9si id\u0151szakot, valamint mondja el v\u00e1rakoz\u00e1sait a veszpr\u00e9mi tal\u00e1lkoz\u00f3val kapcsolatban.<\/p>\n\n\n\n<figure class=\"wp-block-embed is-type-video is-provider-youtube wp-block-embed-youtube wp-embed-aspect-16-9 wp-has-aspect-ratio\"><div class=\"wp-block-embed__wrapper\">\n<iframe loading=\"lazy\" title=\"2026.09.02.ETO University Handball Team - One Veszpr\u00e9m\" width=\"500\" height=\"281\" src=\"https:\/\/www.youtube.com\/embed\/sjJ7dekGUDI?feature=oembed\" frameborder=\"0\" allow=\"accelerometer; autoplay; clipboard-write; encrypted-media; gyroscope; picture-in-picture; web-share\" referrerpolicy=\"strict-origin-when-cross-origin\" allowfullscreen><\/iframe>\n<\/div><\/figure>","protected":false},"excerpt":{"rendered":"<p>Szerd\u00e1n megkezdi szerepl\u00e9s\u00e9t a K&amp;H f\u00e9rfi k\u00e9zilabda liga 2026\/2027-es ki\u00edr\u00e1s\u00e1ban az ETO University Handball Team. A 4. fordul\u00f3b\u00f3l el\u0151rehozott m\u00e9rk\u0151z\u00e9sen r\u00f6gt\u00f6n komoly er\u0151pr\u00f3ba v\u00e1r csapatunkra, amely a rekordbajnok One Veszpr\u00e9m otthon\u00e1ban l\u00e9p p\u00e1ly\u00e1ra. A tal\u00e1lkoz\u00f3t 2026. szeptember 2-\u00e1n, 18 \u00f3r\u00e1t\u00f3l rendezik a One Veszpr\u00e9m Ar\u00e9n\u00e1ban. V\u00e9get \u00e9rt a ny\u00e1ri felk\u00e9sz\u00fcl\u00e9si id\u0151szak, csapatunk pedig r\u00f6gt\u00f6n k\u00e9t [&hellip;]<\/p>","protected":false},"author":7,"featured_media":5694,"comment_status":"closed","ping_status":"open","sticky":false,"template":"","format":"standard","meta":{"ngg_post_thumbnail":0,"footnotes":""},"categories":[1],"tags":[],"class_list":["post-5693","post","type-post","status-publish","format-standard","has-post-thumbnail","hentry","category-egyeb"],"_links":{"self":[{"href":"https:\/\/gyorietouni.hu\/en\/wp-json\/wp\/v2\/posts\/5693","targetHints":{"allow":["GET"]}}],"collection":[{"href":"https:\/\/gyorietouni.hu\/en\/wp-json\/wp\/v2\/posts"}],"about":[{"href":"https:\/\/gyorietouni.hu\/en\/wp-json\/wp\/v2\/types\/post"}],"author":[{"embeddable":true,"href":"https:\/\/gyorietouni.hu\/en\/wp-json\/wp\/v2\/users\/7"}],"replies":[{"embeddable":true,"href":"https:\/\/gyorietouni.hu\/en\/wp-json\/wp\/v2\/comments?post=5693"}],"version-history":[{"count":1,"href":"https:\/\/gyorietouni.hu\/en\/wp-json\/wp\/v2\/posts\/5693\/revisions"}],"predecessor-version":[{"id":5695,"href":"https:\/\/gyorietouni.hu\/en\/wp-json\/wp\/v2\/posts\/5693\/revisions\/5695"}],"wp:featuredmedia":[{"embeddable":true,"href":"https:\/\/gyorietouni.hu\/en\/wp-json\/wp\/v2\/media\/5694"}],"wp:attachment":[{"href":"https:\/\/gyorietouni.hu\/en\/wp-json\/wp\/v2\/media?parent=5693"}],"wp:term":[{"taxonomy":"category","embeddable":true,"href":"https:\/\/gyorietouni.hu\/en\/wp-json\/wp\/v2\/categories?post=5693"},{"taxonomy":"post_tag","embeddable":true,"href":"https:\/\/gyorietouni.hu\/en\/wp-json\/wp\/v2\/tags?post=5693"}],"curies":[{"name":"wp","href":"https:\/\/api.w.org\/{rel}","templated":true}]}}