{"id":5689,"date":"2026-08-31T17:23:09","date_gmt":"2026-08-31T15:23:09","guid":{"rendered":"https:\/\/gyorietouni.hu\/?p=5689"},"modified":"2026-08-31T17:23:09","modified_gmt":"2026-08-31T15:23:09","slug":"a-csapatkapitany-pasztor-imre","status":"publish","type":"post","link":"https:\/\/gyorietouni.hu\/en\/2026\/08\/31\/a-csapatkapitany-pasztor-imre\/","title":{"rendered":"A csapatkapit\u00e1ny: P\u00e1sztor Imre"},"content":{"rendered":"<p class=\"wp-block-paragraph\"><strong>A Kopornyik Zsolt vezette szakmai st\u00e1b kijel\u00f6lte a 2026\/27-es szezon csapatkapit\u00e1ny\u00e1t \u00e9s helyetteseit. A karszalagot P\u00e1sztor Imre viseli majd, aki csapatkapit\u00e1nyk\u00e9nt vezetheti p\u00e1ly\u00e1ra az ETO University Handball Teamet, munk\u00e1j\u00e1t pedig Gy\u0151ri M\u00e1ty\u00e1s \u00e9s H\u00e1ri Levente seg\u00edti helyettesk\u00e9nt.<\/strong><\/p>\n\n\n\n<p class=\"wp-block-paragraph\">A K&amp;H f\u00e9rfi k\u00e9zilabda liga m\u00e9rk\u0151z\u00e9sein \u00edgy ezent\u00fal P\u00e1sztor Imre vezet\u00e9s\u00e9vel fut majd p\u00e1ly\u00e1ra csapatunk. Kopornyik Zsolt vezet\u0151edz\u0151 szerint a d\u00f6nt\u00e9sben nemcsak a kapus rutinja, hanem szem\u00e9lyis\u00e9ge, k\u00f6z\u00f6ss\u00e9gben bet\u00f6lt\u00f6tt szerepe \u00e9s vezet\u0151i kvalit\u00e1sai is meghat\u00e1roz\u00f3ak voltak.<\/p>\n\n\n\n<p class=\"wp-block-paragraph\"><em>\u201eIgazs\u00e1g szerint m\u00e1r t\u00f6bbsz\u00f6r, k\u00fcl\u00f6nb\u00f6z\u0151 id\u0151szakokban dolgoztam egy\u00fctt P\u00e1sztor Imivel, klubcsapatn\u00e1l \u00e9s a v\u00e1logatottn\u00e1l is, Gy\u0151rben pedig \u0151 az egyik rangid\u0151s j\u00e1t\u00e9kos. A v\u00e1laszt\u00e1sn\u00e1l azonban sokkal ink\u00e1bb az volt meghat\u00e1roz\u00f3, hogy olyan karakterre van sz\u00fcks\u00e9g\u00fcnk, akit a k\u00f6z\u00f6ss\u00e9g elfogad, \u00e9s aki szeretne tenni is ez\u00e9rt a k\u00f6z\u00f6ss\u00e9g\u00e9rt.<\/em> <em>Egy csapatkapit\u00e1ny feladata nem mer\u00fcl ki abban, hogy bizonyos dolgokat kiv\u00e1lasszon vagy elint\u00e9zzen. K\u00f6z\u00f6ss\u00e9get kell \u00e9p\u00edtenie, vezetnie \u00e9s t\u00e1mogatnia kell a t\u00e1rsait. Azt gondolom, Iminek megvannak ehhez a kvalit\u00e1sai. J\u00f3 ember, hat\u00e1rozott, vannak elk\u00e9pzel\u00e9sei, \u00edgy m\u00e9lt\u00e1n szolg\u00e1lt r\u00e1 arra, hogy csapatkapit\u00e1nyk\u00e9nt vezesse a gy\u0151ri egy\u00fcttest.<\/em> <em>Ennyi \u00faj \u00e9rkez\u0151 mellett azt is szerett\u00fck volna l\u00e1tni, hogyan alakul \u00e9s hogyan m\u0171k\u00f6dik a k\u00f6z\u00f6ss\u00e9g. Imi nagyon akt\u00edv szerepet v\u00e1llalt abban, hogy a j\u00e1t\u00e9kosokat a k\u00f6z\u00f6s \u00faton tartsa, \u00e9s ez is meger\u0151s\u00edtett benn\u00fcnket abban, hogy \u0151 a megfelel\u0151 v\u00e1laszt\u00e1s. B\u00edzom benne, hogy ezt a feladatot is sikerrel oldja meg. A helyetteseivel egy\u00fctt fontos t\u00e1maszai lesznek a csapatnak, a szakmai st\u00e1bnak \u00e9s a klubnak is.\u201d<\/em> \u2013 fogalmazott Kopornyik Zsolt.<\/p>\n\n\n\n<p class=\"wp-block-paragraph\">P\u00e1sztor Imre 2023 nyar\u00e1n, m\u00e9g az NB I\/B-ben csatlakozott az ETO-hoz. Els\u0151 gy\u0151ri szezonj\u00e1ban bajnoki c\u00edmet \u00e9s feljut\u00e1st \u00fcnnepelhetett a csapattal, majd az \u00e9lvonalban is egy\u00fcttes\u00fcnk egyik meghat\u00e1roz\u00f3 j\u00e1t\u00e9kos\u00e1v\u00e1 v\u00e1lt. V\u00e9d\u00e9seivel, stabil teljes\u00edtm\u00e9ny\u00e9vel \u00e9s hozz\u00e1\u00e1ll\u00e1s\u00e1val az elm\u00falt h\u00e1rom \u00e9vben folyamatosan bizony\u00edtotta, hogy nemcsak a kapuban, hanem azon k\u00edv\u00fcl is lehet r\u00e1 sz\u00e1m\u00edtani.<\/p>\n\n\n\n<p class=\"wp-block-paragraph\">Az NB I\/B-s bajnoki c\u00edmt\u0151l az \u00e9lvonalig vezet\u0151 k\u00f6z\u00f6s \u00fat most \u00fajabb fontos \u00e1llom\u00e1shoz \u00e9rkezett: P\u00e1sztor Imre imm\u00e1r csapatkapit\u00e1nyk\u00e9nt k\u00e9pviselheti az ETO-t. Kinevez\u00e9se kapcs\u00e1n h\u00e1rom k\u00e9rd\u00e9st tett\u00fcnk fel neki az \u00faj szerepr\u0151l, a felel\u0151ss\u00e9gr\u0151l \u00e9s arr\u00f3l, milyen csapatkapit\u00e1ny szeretne lenni.<\/p>\n\n\n\n<p class=\"wp-block-paragraph\"><strong>Mit jelent sz\u00e1modra, hogy t\u00e9ged v\u00e1lasztottak csapatkapit\u00e1nynak, \u00e9s mi volt az els\u0151 gondolatod, amikor megtudtad?<\/strong><\/p>\n\n\n\n<p class=\"wp-block-paragraph\"><em>\u201eAz els\u0151, ami eszembe jutott, hogy megtisztel\u0151 a felk\u00e9r\u00e9s, \u00e9s hatalmas elismer\u00e9s sz\u00e1momra. Egyben nagyon j\u00f3 visszajelz\u00e9s is arr\u00f3l, hogy ak\u00e1r a p\u00e1ly\u00e1n, ak\u00e1r az \u00f6lt\u00f6z\u0151ben olyan teljes\u00edtm\u00e9nyt ny\u00fajtok \u00e9s olyan szerepet t\u00f6lt\u00f6k be, ami alapj\u00e1n \u00e9rdemesnek tartanak erre a feladatra.\u201d<\/em><\/p>\n\n\n\n<p class=\"wp-block-paragraph\"><strong>Milyen csapatkapit\u00e1ny szeretn\u00e9l lenni \u2013 ink\u00e1bb az \u00f6lt\u00f6z\u0151ben, a p\u00e1ly\u00e1n, vagy mindk\u00e9t helyen szeretn\u00e9l vez\u00e9r lenni?<\/strong><\/p>\n\n\n\n<p class=\"wp-block-paragraph\"><em>\u201eMindk\u00e9t helyen szeretn\u00e9k vez\u00e9r lenni, \u00e9s olyan csapatkapit\u00e1ny, aki mindig a klubot \u00e9s a csapatot tartja szem el\u0151tt. Szerencs\u00e9re p\u00e1lyafut\u00e1som sor\u00e1n t\u00f6bb olyan csapatkapit\u00e1nyom is volt, akikt\u0151l ezen a t\u00e9ren is rengeteget tanulhattam.\u201d<\/em><\/p>\n\n\n\n<p class=\"wp-block-paragraph\"><strong>Ha egy dolgot meg\u00edg\u00e9rhetn\u00e9l a csapatnak \u00e9s a szurkol\u00f3knak csapatkapit\u00e1nyk\u00e9nt erre a szezonra, mi lenne az?<\/strong><\/p>\n\n\n\n<p class=\"wp-block-paragraph\"><em>\u201e\u00cdg\u00e9rni nem szeretek, de azt a csapat nev\u00e9ben is mondhatom, hogy minden m\u00e9rk\u0151z\u00e9sen az els\u0151t\u0151l az utols\u00f3 s\u00edpsz\u00f3ig k\u00fczdeni fogunk. A t\u00e1rsaimnak pedig azt \u00edg\u00e9rhetem, hogy mindig a csapat \u00e9rdekeit fogom a lehet\u0151 legjobban k\u00e9pviselni.\u201d<\/em><\/p>","protected":false},"excerpt":{"rendered":"<p>A Kopornyik Zsolt vezette szakmai st\u00e1b kijel\u00f6lte a 2026\/27-es szezon csapatkapit\u00e1ny\u00e1t \u00e9s helyetteseit. A karszalagot P\u00e1sztor Imre viseli majd, aki csapatkapit\u00e1nyk\u00e9nt vezetheti p\u00e1ly\u00e1ra az ETO University Handball Teamet, munk\u00e1j\u00e1t pedig Gy\u0151ri M\u00e1ty\u00e1s \u00e9s H\u00e1ri Levente seg\u00edti helyettesk\u00e9nt. A K&amp;H f\u00e9rfi k\u00e9zilabda liga m\u00e9rk\u0151z\u00e9sein \u00edgy ezent\u00fal P\u00e1sztor Imre vezet\u00e9s\u00e9vel fut majd p\u00e1ly\u00e1ra csapatunk. Kopornyik Zsolt vezet\u0151edz\u0151 [&hellip;]<\/p>","protected":false},"author":7,"featured_media":5690,"comment_status":"closed","ping_status":"open","sticky":false,"template":"","format":"standard","meta":{"ngg_post_thumbnail":0,"footnotes":""},"categories":[1],"tags":[],"class_list":["post-5689","post","type-post","status-publish","format-standard","has-post-thumbnail","hentry","category-egyeb"],"_links":{"self":[{"href":"https:\/\/gyorietouni.hu\/en\/wp-json\/wp\/v2\/posts\/5689","targetHints":{"allow":["GET"]}}],"collection":[{"href":"https:\/\/gyorietouni.hu\/en\/wp-json\/wp\/v2\/posts"}],"about":[{"href":"https:\/\/gyorietouni.hu\/en\/wp-json\/wp\/v2\/types\/post"}],"author":[{"embeddable":true,"href":"https:\/\/gyorietouni.hu\/en\/wp-json\/wp\/v2\/users\/7"}],"replies":[{"embeddable":true,"href":"https:\/\/gyorietouni.hu\/en\/wp-json\/wp\/v2\/comments?post=5689"}],"version-history":[{"count":1,"href":"https:\/\/gyorietouni.hu\/en\/wp-json\/wp\/v2\/posts\/5689\/revisions"}],"predecessor-version":[{"id":5691,"href":"https:\/\/gyorietouni.hu\/en\/wp-json\/wp\/v2\/posts\/5689\/revisions\/5691"}],"wp:featuredmedia":[{"embeddable":true,"href":"https:\/\/gyorietouni.hu\/en\/wp-json\/wp\/v2\/media\/5690"}],"wp:attachment":[{"href":"https:\/\/gyorietouni.hu\/en\/wp-json\/wp\/v2\/media?parent=5689"}],"wp:term":[{"taxonomy":"category","embeddable":true,"href":"https:\/\/gyorietouni.hu\/en\/wp-json\/wp\/v2\/categories?post=5689"},{"taxonomy":"post_tag","embeddable":true,"href":"https:\/\/gyorietouni.hu\/en\/wp-json\/wp\/v2\/tags?post=5689"}],"curies":[{"name":"wp","href":"https:\/\/api.w.org\/{rel}","templated":true}]}}