{"id":5480,"date":"2026-04-29T19:00:00","date_gmt":"2026-04-29T17:00:00","guid":{"rendered":"https:\/\/gyorietouni.hu\/?p=5480"},"modified":"2026-04-29T15:46:58","modified_gmt":"2026-04-29T13:46:58","slug":"legendakat-koszontunk-a-veszprem-elleni-bajnokin-40-eve-nyert-ihf-kupat-a-raba-eto","status":"publish","type":"post","link":"https:\/\/gyorietouni.hu\/en\/2026\/04\/29\/legendakat-koszontunk-a-veszprem-elleni-bajnokin-40-eve-nyert-ihf-kupat-a-raba-eto\/","title":{"rendered":"Legend\u00e1kat k\u00f6sz\u00f6nt\u00fcnk a Veszpr\u00e9m elleni bajnokin \u2013 40 \u00e9ve nyert IHF Kup\u00e1t a R\u00e1ba ETO"},"content":{"rendered":"<p><\/p>\n\n\n\n<p><strong>Napra pontosan 40 \u00e9ves jubileum\u00e1t \u00fcnnepelj\u00fck a gy\u0151ri f\u00e9rfi k\u00e9zilabd\u00e1z\u00e1s nagy nemzetk\u00f6zi siker\u00e9nek, a R\u00c1BA ETO IHF Kupa gy\u0151zelm\u00e9nek a One Veszpr\u00e9m elleni bajnoki napj\u00e1n. A jeles alkalomra k\u00fcl\u00f6nleges programmal \u00e9s k\u00f6sz\u00f6nt\u00e9ssel k\u00e9sz\u00fcl klubunk.<\/strong><\/p>\n\n\n\n<p>1986. m\u00e1jus 10-\u00e9n az Technisan Alicante ellen nyerte el az IHF Kup\u00e1t a R\u00e1ba ETO f\u00e9rfi k\u00e9zilabda csapata. A magyar f\u00e9rfi klubk\u00e9zilabd\u00e1z\u00e1sban nem t\u00fal sok nemzetk\u00f6zi kupaels\u0151s\u00e9get jegyezhettek fel a kr\u00f3nik\u00e1sok, \u00e9ppen ez\u00e9rt is k\u00fcl\u00f6nleges sz\u00e1munkra a jeles jubileum meg\u00fcnnepl\u00e9se. A R\u00e1ba ETO 1986-ban el\u00e9rt sikere mellett csak a Veszpr\u00e9m nyert KEK-et (1992,2008), illetve a Szeged EHF Kup\u00e1t 2014-ben.<\/p>\n\n\n\n<p>Az ETO University Handball Team vezet\u00e9se a kupagy\u0151zelem 40. \u00e9vfordul\u00f3j\u00e1nak meg\u00fcnnepl\u00e9s\u00e9re h\u00edv minden gy\u0151ri sportbar\u00e1tok a ONE Veszpr\u00e9m elleni K&amp;H K\u00e9zilabda Liga tal\u00e1lkoz\u00f3ra. A m\u00e9rk\u0151z\u00e9s el\u0151tt lehet\u0151s\u00e9g ny\u00edlik az Audi Ar\u00e9na Gy\u0151r kereng\u0151j\u00e9ben a f\u0151bej\u00e1rat mellett a csapat tagjaival tal\u00e1lkozni, f\u00e9nyk\u00e9pezkedni \u00e9s autogramot k\u00e9rni, valamint a m\u00e9rk\u0151z\u00e9s sz\u00fcnet\u00e9ben a p\u00e1ly\u00e1n is meg lehet tapsolni a nagy el\u0151d\u00f6ket!<\/p>\n\n\n\n<p>Elfogadta a megh\u00edv\u00e1sunkat Cseh B\u00e9la, Csicsay Ott\u00f3, De\u00e1ki Istv\u00e1n, Domonkos Attila, Iv\u00e1ncsik Mih\u00e1ly, Polg\u00e1r L\u00e1szl\u00f3, Vesztergom Zolt\u00e1n valamint Jakab Lajos egykori szakoszt\u00e1lyvezet\u0151. Nem tud r\u00e9szt venni Balogh Imre \u00e9s Horv\u00e1th Zsolt az \u00fcnneps\u00e9gen, illetve megeml\u00e9kez\u00fcnk a keret azon tagjair\u00f3l, akik m\u00e1r nem lehetnek vel\u00fcnk: K\u00e1d\u00e1r Zolt\u00e1n, Oross Tibor \u00e9s T\u00f3th L\u00e1szl\u00f3.<\/p>\n\n\n\n<p>A nagy nemzetk\u00f6zi sikerre eml\u00e9kezend\u0151 klubunk Iv\u00e1ncsik Mih\u00e1llyal k\u00e9sz\u00edtett egy k\u00f6zel f\u00e9l \u00f3r\u00e1s besz\u00e9lget\u00e9st a csapat nemzetk\u00f6zi menetel\u00e9s\u00e9r\u0151l \u00e9s a kupagy\u0151zelemr\u0151l. A legend\u00e1s j\u00e1t\u00e9kossal k\u00e9sz\u00fclt riportb\u00f3l a tal\u00e1lkoz\u00f3ig minden nap egy r\u00f6vid vide\u00f3t mutatunk be k\u00f6z\u00f6ss\u00e9gi m\u00e9dia oldalainkon, amolyan kedvcsin\u00e1l\u00f3k\u00e9nt a kupagy\u0151zelem feleleven\u00edt\u00e9s\u00e9hez. Egy nappal a 40 \u00e9ves \u00e9vfordul\u00f3 el\u0151tt, 2026. m\u00e1jus 9-\u00e9n szombaton a teljes besz\u00e9lget\u00e9st meg lehet tekinteni az ETO University Handball Team Youtube csatorn\u00e1j\u00e1n.<\/p>\n\n\n\n<figure class=\"wp-block-image size-large\"><img loading=\"lazy\" decoding=\"async\" width=\"1024\" height=\"627\" src=\"https:\/\/gyorietouni.hu\/wp-content\/uploads\/MISIMESEL-1024x627.jpg\" alt=\"\" class=\"wp-image-5482\" srcset=\"https:\/\/gyorietouni.hu\/wp-content\/uploads\/MISIMESEL-1024x627.jpg 1024w, https:\/\/gyorietouni.hu\/wp-content\/uploads\/MISIMESEL-300x184.jpg 300w, https:\/\/gyorietouni.hu\/wp-content\/uploads\/MISIMESEL-768x470.jpg 768w, https:\/\/gyorietouni.hu\/wp-content\/uploads\/MISIMESEL-18x12.jpg 18w, https:\/\/gyorietouni.hu\/wp-content\/uploads\/MISIMESEL.jpg 1144w\" sizes=\"auto, (max-width: 1024px) 100vw, 1024px\" \/><\/figure>\n\n\n\n<p>Az ETO University Handball Team &#8211; One Veszpr\u00e9m elleni bajnoki m\u00e9rk\u0151z\u00e9sre, \u00e9s a gy\u0151ri f\u00e9rfi k\u00e9zilabd\u00e1z\u00e1s legend\u00e1s csapat\u00e1nak, a 40 \u00e9vvel ezel\u0151tti IHF Kup\u00e1t elh\u00f3d\u00edt\u00f3 csapat tagjainak k\u00f6sz\u00f6nt\u00e9s\u00e9re online tudnak jegyet v\u00e1s\u00e1rolni <a href=\"https:\/\/jegymester.hu\/production\/10083418\/eto-university-handball-team-one-veszprem-handball-club\/8296407\">EZEN A LINKEN.<\/a><\/p>\n\n\n\n<p>A m\u00e9rk\u0151z\u00e9sre a helysz\u00ednen is lehet jegyet v\u00e1ltani!<\/p>\n\n\n\n<p>V\u00e1runk minden gy\u0151ri sportbar\u00e1tot az Audi Ar\u00e9na Gy\u0151rbe, \u00e9s k\u00f6sz\u00f6nts\u00fck egy\u00fctt legend\u00e1inkat!<\/p>","protected":false},"excerpt":{"rendered":"<p>Napra pontosan 40 \u00e9ves jubileum\u00e1t \u00fcnnepelj\u00fck a gy\u0151ri f\u00e9rfi k\u00e9zilabd\u00e1z\u00e1s nagy nemzetk\u00f6zi siker\u00e9nek, a R\u00c1BA ETO IHF Kupa gy\u0151zelm\u00e9nek a One Veszpr\u00e9m elleni bajnoki napj\u00e1n. A jeles alkalomra k\u00fcl\u00f6nleges programmal \u00e9s k\u00f6sz\u00f6nt\u00e9ssel k\u00e9sz\u00fcl klubunk. 1986. m\u00e1jus 10-\u00e9n az Technisan Alicante ellen nyerte el az IHF Kup\u00e1t a R\u00e1ba ETO f\u00e9rfi k\u00e9zilabda csapata. A magyar f\u00e9rfi [&hellip;]<\/p>","protected":false},"author":7,"featured_media":5481,"comment_status":"closed","ping_status":"open","sticky":false,"template":"","format":"standard","meta":{"ngg_post_thumbnail":0,"footnotes":""},"categories":[1],"tags":[],"class_list":["post-5480","post","type-post","status-publish","format-standard","has-post-thumbnail","hentry","category-egyeb"],"_links":{"self":[{"href":"https:\/\/gyorietouni.hu\/en\/wp-json\/wp\/v2\/posts\/5480","targetHints":{"allow":["GET"]}}],"collection":[{"href":"https:\/\/gyorietouni.hu\/en\/wp-json\/wp\/v2\/posts"}],"about":[{"href":"https:\/\/gyorietouni.hu\/en\/wp-json\/wp\/v2\/types\/post"}],"author":[{"embeddable":true,"href":"https:\/\/gyorietouni.hu\/en\/wp-json\/wp\/v2\/users\/7"}],"replies":[{"embeddable":true,"href":"https:\/\/gyorietouni.hu\/en\/wp-json\/wp\/v2\/comments?post=5480"}],"version-history":[{"count":1,"href":"https:\/\/gyorietouni.hu\/en\/wp-json\/wp\/v2\/posts\/5480\/revisions"}],"predecessor-version":[{"id":5483,"href":"https:\/\/gyorietouni.hu\/en\/wp-json\/wp\/v2\/posts\/5480\/revisions\/5483"}],"wp:featuredmedia":[{"embeddable":true,"href":"https:\/\/gyorietouni.hu\/en\/wp-json\/wp\/v2\/media\/5481"}],"wp:attachment":[{"href":"https:\/\/gyorietouni.hu\/en\/wp-json\/wp\/v2\/media?parent=5480"}],"wp:term":[{"taxonomy":"category","embeddable":true,"href":"https:\/\/gyorietouni.hu\/en\/wp-json\/wp\/v2\/categories?post=5480"},{"taxonomy":"post_tag","embeddable":true,"href":"https:\/\/gyorietouni.hu\/en\/wp-json\/wp\/v2\/tags?post=5480"}],"curies":[{"name":"wp","href":"https:\/\/api.w.org\/{rel}","templated":true}]}}