{"id":5159,"date":"2026-03-12T17:33:05","date_gmt":"2026-03-12T15:33:05","guid":{"rendered":"https:\/\/gyorietouni.hu\/?p=5159"},"modified":"2026-03-12T17:39:42","modified_gmt":"2026-03-12T15:39:42","slug":"a-farkasok-ellen-kell-kimaszni-a-godorbol","status":"publish","type":"post","link":"https:\/\/gyorietouni.hu\/en\/2026\/03\/12\/a-farkasok-ellen-kell-kimaszni-a-godorbol\/","title":{"rendered":"A Farkasok ellen kell kim\u00e1szni a g\u00f6d\u00f6rb\u0151l"},"content":{"rendered":"<p>P\u00e9nteken \u00fajabb hazai m\u00e9rk\u0151z\u00e9s v\u00e1r az ETO University egy\u00fcttes\u00e9re. Kilvinger B\u00e1lint egy\u00fcttese a K&amp;H Liga 19. fordul\u00f3j\u00e1ban a Budai Farkasokat fogadja. Mindk\u00e9t csapat sz\u00e1m\u00e1ra fontos lesz a p\u00e9ntek 13-ai tal\u00e1lkoz\u00f3, hiszen az ETO \u00f6t bajnoki \u00f3ta nyeretlen, r\u00e1ad\u00e1sul legut\u00f3bb a PLER otthon\u00e1ban sima veres\u00e9get szenvedett. A Farkasok a m\u00e9g \u00e9ppen bentmarad\u00e1st \u00e9r\u0151 12. helyen \u00e1llnak, a kies\u00e9s el\u0151li sikeres menek\u00fcl\u00e9shez pedig minden pontra sz\u00fcks\u00e9ge van a f\u0151v\u00e1rosi csapatnak.<\/p>\n\n\n\n<p><em>\u201eL\u00e9tfontoss\u00e1g\u00fa a siker mindk\u00e9t csapat sz\u00e1m\u00e1ra \u2013 <\/em>mondja Kilvinger B\u00e1lint, az ETO UHT vezet\u0151edz\u0151je.<em> Mi szeretn\u00e9k v\u00e9gre megt\u00f6rni a rossz sorozatunk, a Farkasok pedig b\u00e1r j\u00f3l kezdt\u00e9k a bajnoks\u00e1got, de november v\u00e9ge \u00f3ta nyeretlenek, \u00edgy nyilv\u00e1n \u0151k is szeretn\u00e9k lez\u00e1rni ezt az id\u0151szakot. Neh\u00e9z helyzetben vagyunk, hiszen Szrnka Levente elveszt\u00e9s\u00e9vel megint kevesebben lett\u00fcnk. Rem\u00e9lj\u00fck ezzel v\u00e9get \u00e9rt a pechsz\u00e9ri\u00e1nk a tavaszi szezonra. Egy siker elind\u00edthatna minket el\u0151re, mert a st\u00e1b, \u00e9s a j\u00e1t\u00e9kosok is dolgoznak, de ebben a perid\u00f3suban ez sajnos pontokban nem igaz\u00e1n mutatkozik meg.\u201d<\/em><\/p>\n\n\n\n<p>A k\u00e9t csapat okt\u00f3ber 17-ei m\u00e9rk\u0151z\u00e9s\u00e9t a Budai Farkasok nyert\u00e9k meg 26-25-re, \u00edgy van mi\u00e9rt visszav\u00e1gnia az ETO-nak. \u00c9rdekess\u00e9g, hogy a k\u00e9t csapat legeredm\u00e9nyesebb g\u00f3lszerz\u0151i ugyanannyi tal\u00e1latot jegyeznek: H\u00e1ri Levente (ETO) \u00e9s Boskos Theodoros (Farkasok) is 82-82 g\u00f3lt szerzett a szezonban.<\/p>\n\n\n\n<p><em>\u201eEbb\u0151l a helyzetb\u0151l csak csapatk\u00e9nt tudunk kim\u00e1szni \u2013 <\/em>mondja Szmet\u00e1n M\u00e1t\u00e9, aki a PLER \u00f6t g\u00f3lt szerzett, ezzel az ETO legeredm\u00e9nyesebbjek\u00e9nt z\u00e1rt.<em> Nyilv\u00e1n az mindenkit megvisel, hogy elmaradnak a gy\u0151zelmek, de el\u0151re tekint\u00fcnk. Szeretn\u00e9nk itthon tartani a pontokat a p\u00e9nteki m\u00e9rk\u0151z\u00e9sen.\u201d<\/em><\/p>\n\n\n\n<figure class=\"wp-block-embed is-type-video is-provider-youtube wp-block-embed-youtube wp-embed-aspect-16-9 wp-has-aspect-ratio\"><div class=\"wp-block-embed__wrapper\">\n<iframe loading=\"lazy\" title=\"2026. 03. 13. ETO University Handball Team - Budai Farkasok\" width=\"500\" height=\"281\" src=\"https:\/\/www.youtube.com\/embed\/RpfiaKKAnD0?feature=oembed\" frameborder=\"0\" allow=\"accelerometer; autoplay; clipboard-write; encrypted-media; gyroscope; picture-in-picture; web-share\" referrerpolicy=\"strict-origin-when-cross-origin\" allowfullscreen><\/iframe>\n<\/div><\/figure>\n\n\n\n<p><strong>Id\u0151pont:&nbsp;<\/strong>2026. m\u00e1rcius 13., p\u00e9ntek \u2013 18:00<br><strong>Helysz\u00edn:&nbsp;<\/strong>Magvassy Sportcsarnok, Gy\u0151r<br><strong>J\u00e1t\u00e9kvezet\u0151k:&nbsp;<\/strong>B\u00edr\u00f3 \u00c1d\u00e1m, Kiss Oliv\u00e9r<\/p>","protected":false},"excerpt":{"rendered":"<p>P\u00e9nteken \u00fajabb hazai m\u00e9rk\u0151z\u00e9s v\u00e1r az ETO University egy\u00fcttes\u00e9re. Kilvinger B\u00e1lint egy\u00fcttese a K&amp;H Liga 19. fordul\u00f3j\u00e1ban a Budai Farkasokat fogadja. Mindk\u00e9t csapat sz\u00e1m\u00e1ra fontos lesz a p\u00e9ntek 13-ai tal\u00e1lkoz\u00f3, hiszen az ETO \u00f6t bajnoki \u00f3ta nyeretlen, r\u00e1ad\u00e1sul legut\u00f3bb a PLER otthon\u00e1ban sima veres\u00e9get szenvedett. A Farkasok a m\u00e9g \u00e9ppen bentmarad\u00e1st \u00e9r\u0151 12. helyen \u00e1llnak, [&hellip;]<\/p>","protected":false},"author":12,"featured_media":5160,"comment_status":"closed","ping_status":"open","sticky":false,"template":"","format":"standard","meta":{"ngg_post_thumbnail":0,"footnotes":""},"categories":[1],"tags":[],"class_list":["post-5159","post","type-post","status-publish","format-standard","has-post-thumbnail","hentry","category-egyeb"],"_links":{"self":[{"href":"https:\/\/gyorietouni.hu\/en\/wp-json\/wp\/v2\/posts\/5159","targetHints":{"allow":["GET"]}}],"collection":[{"href":"https:\/\/gyorietouni.hu\/en\/wp-json\/wp\/v2\/posts"}],"about":[{"href":"https:\/\/gyorietouni.hu\/en\/wp-json\/wp\/v2\/types\/post"}],"author":[{"embeddable":true,"href":"https:\/\/gyorietouni.hu\/en\/wp-json\/wp\/v2\/users\/12"}],"replies":[{"embeddable":true,"href":"https:\/\/gyorietouni.hu\/en\/wp-json\/wp\/v2\/comments?post=5159"}],"version-history":[{"count":4,"href":"https:\/\/gyorietouni.hu\/en\/wp-json\/wp\/v2\/posts\/5159\/revisions"}],"predecessor-version":[{"id":5164,"href":"https:\/\/gyorietouni.hu\/en\/wp-json\/wp\/v2\/posts\/5159\/revisions\/5164"}],"wp:featuredmedia":[{"embeddable":true,"href":"https:\/\/gyorietouni.hu\/en\/wp-json\/wp\/v2\/media\/5160"}],"wp:attachment":[{"href":"https:\/\/gyorietouni.hu\/en\/wp-json\/wp\/v2\/media?parent=5159"}],"wp:term":[{"taxonomy":"category","embeddable":true,"href":"https:\/\/gyorietouni.hu\/en\/wp-json\/wp\/v2\/categories?post=5159"},{"taxonomy":"post_tag","embeddable":true,"href":"https:\/\/gyorietouni.hu\/en\/wp-json\/wp\/v2\/tags?post=5159"}],"curies":[{"name":"wp","href":"https:\/\/api.w.org\/{rel}","templated":true}]}}